{"id":8604,"date":"2021-11-23T16:02:41","date_gmt":"2021-11-23T15:02:41","guid":{"rendered":"https:\/\/www.rrc-kp.si\/bluact\/"},"modified":"2023-06-09T12:12:09","modified_gmt":"2023-06-09T10:12:09","slug":"bluact","status":"publish","type":"post","link":"https:\/\/www.rrc-kp.si\/en\/bluact\/","title":{"rendered":"BLUACT"},"content":{"rendered":"<p><strong><img decoding=\"async\" class=\" size-full wp-image-6704\" src=\"https:\/\/www.rrc-kp.si\/wp-content\/uploads\/2021\/11\/BLUACT_Logo.JPG\" alt=\"BLUACT Logo\" width=\"600\" height=\"77\" srcset=\"https:\/\/www.rrc-kp.si\/wp-content\/uploads\/2021\/11\/BLUACT_Logo.JPG 1223w, https:\/\/www.rrc-kp.si\/wp-content\/uploads\/2021\/11\/BLUACT_Logo-300x39.jpg 300w, https:\/\/www.rrc-kp.si\/wp-content\/uploads\/2021\/11\/BLUACT_Logo-1024x131.jpg 1024w, https:\/\/www.rrc-kp.si\/wp-content\/uploads\/2021\/11\/BLUACT_Logo-768x99.jpg 768w\" sizes=\"(max-width: 600px) 100vw, 600px\" \/><\/strong><\/p>\n<p><strong>Blue Cities in Action (Starting up the Blue Economy)<\/strong><\/p>\n<p>URBACT is a European exchange and learning programme promoting and supporting sustainable and integrated urban development. It is one of the instruments of the European Cohesion Policy and it is jointly financed by the European Union (European Regional Development Fund) and the Member States. Programme enables cities to develop pragmatic solutions, to major urban challenges, that are new and sustainable, and that integrate economic, social and environmental dimensions. URBACT enables cities to work together and to share good practices and lessons learned with all professionals involved in urban policy throughout Europe. BluAct Network is part of URBACT programme.<\/p>\n<p><strong>Duration of the project:<\/strong> 1. 6. 2021 \u2013 31. 12. 2022<\/p>\n<p><strong>Lead partner:<\/strong> Piraeus (Greece)<\/p>\n<p><strong>Project Partners of the Network:<\/strong><\/p>\n<ul>\n<li>Liep\u0101ja (Liepaja; Latvia)<\/li>\n<li>Gda\u0144ska Fundacja Przedsi\u0119biorczo\u015bci (Gdansk; Poland)<\/li>\n<li>Boulogne sur mer D\u00e9veloppement C\u00f4te d\u2019Opale (Boulogne sur mer; France)<\/li>\n<li>Regionalni razvojni center Koper (Koper; Slovenia)<\/li>\n<\/ul>\n<p><strong>Project objective:<\/strong><\/p>\n<p>BluAct is a Transfer network of port cities aiming to share good practices in Blue Economy entrepreneurship. The project is founded and funded under the EU&#8217;s URBACT programme. BluAct follows the success of BlueGrowth Initiative, an awarded entrepreneurship competition that offers incubation services to local businesses boosting innovation and job creation. In 2020 BlueGrowth Initiative was renamed to Blue Growth Piraeus.<\/p>\n<p>Through an approach of creating URBACT Local Support Groups and engaging local stakeholders and other interested parties, the ultimate aim of the BluAct network is to &#8221;start up the blue economy&#8221; in coastal Europe cities and discover their valuable connection to the sea.<\/p>\n<p>Activities will follow the URBACT transfer stages:<\/p>\n<p>&#8211;\u00a0\u00a0\u00a0\u00a0\u00a0\u00a0\u00a0\u00a0\u00a0 UNDERSTAND the Good Practice<\/p>\n<p>&#8211;\u00a0\u00a0\u00a0\u00a0\u00a0\u00a0\u00a0\u00a0\u00a0 ADAPT\/REUSE the Good Practice<\/p>\n<p>&#8211;\u00a0\u00a0\u00a0\u00a0\u00a0\u00a0\u00a0\u00a0\u00a0 FINALE Sharing of experience and results<\/p>\n<p>Network activities are composed of several dimensions. These are structured within four Work Packages:<\/p>\n<ol>\n<li>\u00a0Network management<\/li>\n<li>Transnational Exchange and Learning Activities<\/li>\n<li>The Local dimension<\/li>\n<li>Communication and Dissemination<\/li>\n<\/ol>\n<p>&nbsp;<\/p>\n<p><strong>Article: (Small) BluAct steps for better blue economy <\/strong><a class=\"pdf\" href=\"https:\/\/www.rrc-kp.si\/wp-content\/uploads\/2021\/11\/BluAct-article.pdf\"><strong>BluAct article<\/strong><\/a><\/p>\n<p>&nbsp;<\/p>\n<p><strong>URBACT webpage:<\/strong> <a href=\"https:\/\/urbact.eu\/\">https:\/\/urbact.eu\/<\/a><\/p>\n<p><strong>URBACT BluAct webpage:<\/strong> <a href=\"https:\/\/urbact.eu\/bluact\">https:\/\/urbact.eu\/bluact<\/a><\/p>\n<p><strong>BluAct webpage:<\/strong> <a href=\"https:\/\/www.bluact.eu\/\">https:\/\/www.bluact.eu\/<\/a><\/p>\n<p>&nbsp;<\/p>\n<p><strong>Contact info:<\/strong><\/p>\n<p>Mojca Fabbro<\/p>\n<p>Phone: 00386 5 66 37 580<\/p>\n<p>E-mail: <a href=\"mailto:mojca.fabbro@rrc-kp.si\">mojca.fabbro@rrc-kp.si<\/a><\/p>\n","protected":false},"excerpt":{"rendered":"<p>Blue Cities in Action (Starting up the Blue Economy) URBACT is a European exchange and learning programme promoting and supporting sustainable and integrated urban development. It is one of the instruments of the European Cohesion Policy and it is jointly financed by the European Union (European Regional Development Fund) and the Member States. Programme enables [&hellip;]<\/p>\n","protected":false},"author":12,"featured_media":6704,"comment_status":"closed","ping_status":"closed","sticky":false,"template":"","format":"standard","meta":{"_acf_changed":false,"footnotes":""},"categories":[105,109],"tags":[],"class_list":["post-8604","post","type-post","status-publish","format-standard","has-post-thumbnail","hentry","category-projects","category-reference"],"acf":[],"yoast_head":"<!-- This site is optimized with the Yoast SEO plugin v26.5 - https:\/\/yoast.com\/wordpress\/plugins\/seo\/ -->\n<title>BLUACT - Regionalni razvojni center Koper<\/title>\n<meta name=\"robots\" content=\"index, follow, max-snippet:-1, max-image-preview:large, max-video-preview:-1\" \/>\n<link rel=\"canonical\" href=\"https:\/\/www.rrc-kp.si\/en\/bluact\/\" \/>\n<meta property=\"og:locale\" content=\"en_US\" \/>\n<meta property=\"og:type\" content=\"article\" \/>\n<meta property=\"og:title\" content=\"BLUACT - Regionalni razvojni center Koper\" \/>\n<meta property=\"og:description\" content=\"Blue Cities in Action (Starting up the Blue Economy) URBACT is a European exchange and learning programme promoting and supporting sustainable and integrated urban development. It is one of the instruments of the European Cohesion Policy and it is jointly financed by the European Union (European Regional Development Fund) and the Member States. Programme enables [&hellip;]\" \/>\n<meta property=\"og:url\" content=\"https:\/\/www.rrc-kp.si\/en\/bluact\/\" \/>\n<meta property=\"og:site_name\" content=\"Regionalni razvojni center Koper\" \/>\n<meta property=\"article:published_time\" content=\"2021-11-23T15:02:41+00:00\" \/>\n<meta property=\"article:modified_time\" content=\"2023-06-09T10:12:09+00:00\" \/>\n<meta property=\"og:image\" content=\"https:\/\/www.rrc-kp.si\/wp-content\/uploads\/2021\/11\/BLUACT_Logo.JPG\" \/>\n\t<meta property=\"og:image:width\" content=\"1223\" \/>\n\t<meta property=\"og:image:height\" content=\"157\" \/>\n\t<meta property=\"og:image:type\" content=\"image\/jpeg\" \/>\n<meta name=\"author\" content=\"mitja\" \/>\n<meta name=\"twitter:card\" content=\"summary_large_image\" \/>\n<meta name=\"twitter:label1\" content=\"Written by\" \/>\n\t<meta name=\"twitter:data1\" content=\"mitja\" \/>\n\t<meta name=\"twitter:label2\" content=\"Est. reading time\" \/>\n\t<meta name=\"twitter:data2\" content=\"3 minutes\" \/>\n<script type=\"application\/ld+json\" class=\"yoast-schema-graph\">{\"@context\":\"https:\/\/schema.org\",\"@graph\":[{\"@type\":\"Article\",\"@id\":\"https:\/\/www.rrc-kp.si\/en\/bluact\/#article\",\"isPartOf\":{\"@id\":\"https:\/\/www.rrc-kp.si\/en\/bluact\/\"},\"author\":{\"name\":\"mitja\",\"@id\":\"https:\/\/www.rrc-kp.si\/#\/schema\/person\/daa2ff2117ae16e9d340dfb06a381242\"},\"headline\":\"BLUACT\",\"datePublished\":\"2021-11-23T15:02:41+00:00\",\"dateModified\":\"2023-06-09T10:12:09+00:00\",\"mainEntityOfPage\":{\"@id\":\"https:\/\/www.rrc-kp.si\/en\/bluact\/\"},\"wordCount\":351,\"publisher\":{\"@id\":\"https:\/\/www.rrc-kp.si\/#organization\"},\"image\":{\"@id\":\"https:\/\/www.rrc-kp.si\/en\/bluact\/#primaryimage\"},\"thumbnailUrl\":\"https:\/\/www.rrc-kp.si\/wp-content\/uploads\/2021\/11\/BLUACT_Logo.JPG\",\"articleSection\":[\"Projects\",\"Reference\"],\"inLanguage\":\"en-US\"},{\"@type\":\"WebPage\",\"@id\":\"https:\/\/www.rrc-kp.si\/en\/bluact\/\",\"url\":\"https:\/\/www.rrc-kp.si\/en\/bluact\/\",\"name\":\"BLUACT - Regionalni razvojni center Koper\",\"isPartOf\":{\"@id\":\"https:\/\/www.rrc-kp.si\/#website\"},\"primaryImageOfPage\":{\"@id\":\"https:\/\/www.rrc-kp.si\/en\/bluact\/#primaryimage\"},\"image\":{\"@id\":\"https:\/\/www.rrc-kp.si\/en\/bluact\/#primaryimage\"},\"thumbnailUrl\":\"https:\/\/www.rrc-kp.si\/wp-content\/uploads\/2021\/11\/BLUACT_Logo.JPG\",\"datePublished\":\"2021-11-23T15:02:41+00:00\",\"dateModified\":\"2023-06-09T10:12:09+00:00\",\"breadcrumb\":{\"@id\":\"https:\/\/www.rrc-kp.si\/en\/bluact\/#breadcrumb\"},\"inLanguage\":\"en-US\",\"potentialAction\":[{\"@type\":\"ReadAction\",\"target\":[\"https:\/\/www.rrc-kp.si\/en\/bluact\/\"]}]},{\"@type\":\"ImageObject\",\"inLanguage\":\"en-US\",\"@id\":\"https:\/\/www.rrc-kp.si\/en\/bluact\/#primaryimage\",\"url\":\"https:\/\/www.rrc-kp.si\/wp-content\/uploads\/2021\/11\/BLUACT_Logo.JPG\",\"contentUrl\":\"https:\/\/www.rrc-kp.si\/wp-content\/uploads\/2021\/11\/BLUACT_Logo.JPG\",\"width\":1223,\"height\":157},{\"@type\":\"BreadcrumbList\",\"@id\":\"https:\/\/www.rrc-kp.si\/en\/bluact\/#breadcrumb\",\"itemListElement\":[{\"@type\":\"ListItem\",\"position\":1,\"name\":\"Home\",\"item\":\"https:\/\/www.rrc-kp.si\/en\/\"},{\"@type\":\"ListItem\",\"position\":2,\"name\":\"BLUACT\"}]},{\"@type\":\"WebSite\",\"@id\":\"https:\/\/www.rrc-kp.si\/#website\",\"url\":\"https:\/\/www.rrc-kp.si\/\",\"name\":\"Regionalni razvojni center Koper\",\"description\":\"RRC Koper\",\"publisher\":{\"@id\":\"https:\/\/www.rrc-kp.si\/#organization\"},\"potentialAction\":[{\"@type\":\"SearchAction\",\"target\":{\"@type\":\"EntryPoint\",\"urlTemplate\":\"https:\/\/www.rrc-kp.si\/?s={search_term_string}\"},\"query-input\":{\"@type\":\"PropertyValueSpecification\",\"valueRequired\":true,\"valueName\":\"search_term_string\"}}],\"inLanguage\":\"en-US\"},{\"@type\":\"Organization\",\"@id\":\"https:\/\/www.rrc-kp.si\/#organization\",\"name\":\"Regionalni razvojni center Koper\",\"url\":\"https:\/\/www.rrc-kp.si\/\",\"logo\":{\"@type\":\"ImageObject\",\"inLanguage\":\"en-US\",\"@id\":\"https:\/\/www.rrc-kp.si\/#\/schema\/logo\/image\/\",\"url\":\"https:\/\/www.rrc-kp.si\/wp-content\/uploads\/2021\/11\/LOGO-RRC-CEL-BEL-1-e1737099415271.png\",\"contentUrl\":\"https:\/\/www.rrc-kp.si\/wp-content\/uploads\/2021\/11\/LOGO-RRC-CEL-BEL-1-e1737099415271.png\",\"width\":2586,\"height\":2003,\"caption\":\"Regionalni razvojni center Koper\"},\"image\":{\"@id\":\"https:\/\/www.rrc-kp.si\/#\/schema\/logo\/image\/\"}},{\"@type\":\"Person\",\"@id\":\"https:\/\/www.rrc-kp.si\/#\/schema\/person\/daa2ff2117ae16e9d340dfb06a381242\",\"name\":\"mitja\"}]}<\/script>\n<!-- \/ Yoast SEO plugin. -->","yoast_head_json":{"title":"BLUACT - Regionalni razvojni center Koper","robots":{"index":"index","follow":"follow","max-snippet":"max-snippet:-1","max-image-preview":"max-image-preview:large","max-video-preview":"max-video-preview:-1"},"canonical":"https:\/\/www.rrc-kp.si\/en\/bluact\/","og_locale":"en_US","og_type":"article","og_title":"BLUACT - Regionalni razvojni center Koper","og_description":"Blue Cities in Action (Starting up the Blue Economy) URBACT is a European exchange and learning programme promoting and supporting sustainable and integrated urban development. It is one of the instruments of the European Cohesion Policy and it is jointly financed by the European Union (European Regional Development Fund) and the Member States. Programme enables [&hellip;]","og_url":"https:\/\/www.rrc-kp.si\/en\/bluact\/","og_site_name":"Regionalni razvojni center Koper","article_published_time":"2021-11-23T15:02:41+00:00","article_modified_time":"2023-06-09T10:12:09+00:00","og_image":[{"width":1223,"height":157,"url":"https:\/\/www.rrc-kp.si\/wp-content\/uploads\/2021\/11\/BLUACT_Logo.JPG","type":"image\/jpeg"}],"author":"mitja","twitter_card":"summary_large_image","twitter_misc":{"Written by":"mitja","Est. reading time":"3 minutes"},"schema":{"@context":"https:\/\/schema.org","@graph":[{"@type":"Article","@id":"https:\/\/www.rrc-kp.si\/en\/bluact\/#article","isPartOf":{"@id":"https:\/\/www.rrc-kp.si\/en\/bluact\/"},"author":{"name":"mitja","@id":"https:\/\/www.rrc-kp.si\/#\/schema\/person\/daa2ff2117ae16e9d340dfb06a381242"},"headline":"BLUACT","datePublished":"2021-11-23T15:02:41+00:00","dateModified":"2023-06-09T10:12:09+00:00","mainEntityOfPage":{"@id":"https:\/\/www.rrc-kp.si\/en\/bluact\/"},"wordCount":351,"publisher":{"@id":"https:\/\/www.rrc-kp.si\/#organization"},"image":{"@id":"https:\/\/www.rrc-kp.si\/en\/bluact\/#primaryimage"},"thumbnailUrl":"https:\/\/www.rrc-kp.si\/wp-content\/uploads\/2021\/11\/BLUACT_Logo.JPG","articleSection":["Projects","Reference"],"inLanguage":"en-US"},{"@type":"WebPage","@id":"https:\/\/www.rrc-kp.si\/en\/bluact\/","url":"https:\/\/www.rrc-kp.si\/en\/bluact\/","name":"BLUACT - Regionalni razvojni center Koper","isPartOf":{"@id":"https:\/\/www.rrc-kp.si\/#website"},"primaryImageOfPage":{"@id":"https:\/\/www.rrc-kp.si\/en\/bluact\/#primaryimage"},"image":{"@id":"https:\/\/www.rrc-kp.si\/en\/bluact\/#primaryimage"},"thumbnailUrl":"https:\/\/www.rrc-kp.si\/wp-content\/uploads\/2021\/11\/BLUACT_Logo.JPG","datePublished":"2021-11-23T15:02:41+00:00","dateModified":"2023-06-09T10:12:09+00:00","breadcrumb":{"@id":"https:\/\/www.rrc-kp.si\/en\/bluact\/#breadcrumb"},"inLanguage":"en-US","potentialAction":[{"@type":"ReadAction","target":["https:\/\/www.rrc-kp.si\/en\/bluact\/"]}]},{"@type":"ImageObject","inLanguage":"en-US","@id":"https:\/\/www.rrc-kp.si\/en\/bluact\/#primaryimage","url":"https:\/\/www.rrc-kp.si\/wp-content\/uploads\/2021\/11\/BLUACT_Logo.JPG","contentUrl":"https:\/\/www.rrc-kp.si\/wp-content\/uploads\/2021\/11\/BLUACT_Logo.JPG","width":1223,"height":157},{"@type":"BreadcrumbList","@id":"https:\/\/www.rrc-kp.si\/en\/bluact\/#breadcrumb","itemListElement":[{"@type":"ListItem","position":1,"name":"Home","item":"https:\/\/www.rrc-kp.si\/en\/"},{"@type":"ListItem","position":2,"name":"BLUACT"}]},{"@type":"WebSite","@id":"https:\/\/www.rrc-kp.si\/#website","url":"https:\/\/www.rrc-kp.si\/","name":"Regionalni razvojni center Koper","description":"RRC Koper","publisher":{"@id":"https:\/\/www.rrc-kp.si\/#organization"},"potentialAction":[{"@type":"SearchAction","target":{"@type":"EntryPoint","urlTemplate":"https:\/\/www.rrc-kp.si\/?s={search_term_string}"},"query-input":{"@type":"PropertyValueSpecification","valueRequired":true,"valueName":"search_term_string"}}],"inLanguage":"en-US"},{"@type":"Organization","@id":"https:\/\/www.rrc-kp.si\/#organization","name":"Regionalni razvojni center Koper","url":"https:\/\/www.rrc-kp.si\/","logo":{"@type":"ImageObject","inLanguage":"en-US","@id":"https:\/\/www.rrc-kp.si\/#\/schema\/logo\/image\/","url":"https:\/\/www.rrc-kp.si\/wp-content\/uploads\/2021\/11\/LOGO-RRC-CEL-BEL-1-e1737099415271.png","contentUrl":"https:\/\/www.rrc-kp.si\/wp-content\/uploads\/2021\/11\/LOGO-RRC-CEL-BEL-1-e1737099415271.png","width":2586,"height":2003,"caption":"Regionalni razvojni center Koper"},"image":{"@id":"https:\/\/www.rrc-kp.si\/#\/schema\/logo\/image\/"}},{"@type":"Person","@id":"https:\/\/www.rrc-kp.si\/#\/schema\/person\/daa2ff2117ae16e9d340dfb06a381242","name":"mitja"}]}},"_links":{"self":[{"href":"https:\/\/www.rrc-kp.si\/en\/wp-json\/wp\/v2\/posts\/8604","targetHints":{"allow":["GET"]}}],"collection":[{"href":"https:\/\/www.rrc-kp.si\/en\/wp-json\/wp\/v2\/posts"}],"about":[{"href":"https:\/\/www.rrc-kp.si\/en\/wp-json\/wp\/v2\/types\/post"}],"author":[{"embeddable":true,"href":"https:\/\/www.rrc-kp.si\/en\/wp-json\/wp\/v2\/users\/12"}],"replies":[{"embeddable":true,"href":"https:\/\/www.rrc-kp.si\/en\/wp-json\/wp\/v2\/comments?post=8604"}],"version-history":[{"count":10,"href":"https:\/\/www.rrc-kp.si\/en\/wp-json\/wp\/v2\/posts\/8604\/revisions"}],"predecessor-version":[{"id":10966,"href":"https:\/\/www.rrc-kp.si\/en\/wp-json\/wp\/v2\/posts\/8604\/revisions\/10966"}],"wp:featuredmedia":[{"embeddable":true,"href":"https:\/\/www.rrc-kp.si\/en\/wp-json\/wp\/v2\/media\/6704"}],"wp:attachment":[{"href":"https:\/\/www.rrc-kp.si\/en\/wp-json\/wp\/v2\/media?parent=8604"}],"wp:term":[{"taxonomy":"category","embeddable":true,"href":"https:\/\/www.rrc-kp.si\/en\/wp-json\/wp\/v2\/categories?post=8604"},{"taxonomy":"post_tag","embeddable":true,"href":"https:\/\/www.rrc-kp.si\/en\/wp-json\/wp\/v2\/tags?post=8604"}],"curies":[{"name":"wp","href":"https:\/\/api.w.org\/{rel}","templated":true}]}}