{"id":14284,"date":"2017-01-28T11:00:27","date_gmt":"2017-01-28T10:00:27","guid":{"rendered":"https:\/\/www.rrc-kp.si\/?p=14284"},"modified":"2025-02-11T12:18:52","modified_gmt":"2025-02-11T11:18:52","slug":"14284","status":"publish","type":"post","link":"https:\/\/www.rrc-kp.si\/it\/14284\/","title":{"rendered":"Sviluppo regionale"},"content":{"rendered":"\t\t<div data-elementor-type=\"wp-post\" data-elementor-id=\"14284\" class=\"elementor elementor-14284 elementor-12975\" data-elementor-post-type=\"post\">\n\t\t\t\t\t\t<section class=\"elementor-section elementor-top-section elementor-element elementor-element-444a10c0 elementor-section-boxed elementor-section-height-default elementor-section-height-default\" data-id=\"444a10c0\" data-element_type=\"section\">\n\t\t\t\t\t\t<div class=\"elementor-container elementor-column-gap-default\">\n\t\t\t\t\t<div class=\"elementor-column elementor-col-100 elementor-top-column elementor-element elementor-element-6b2ca10b\" data-id=\"6b2ca10b\" data-element_type=\"column\" data-settings=\"{&quot;_ob_column_hoveranimator&quot;:&quot;no&quot;}\">\n\t\t\t<div class=\"elementor-widget-wrap elementor-element-populated\">\n\t\t\t\t\t\t<div class=\"elementor-element elementor-element-eaead86 elementor-widget elementor-widget-text-editor\" data-id=\"eaead86\" data-element_type=\"widget\" data-settings=\"{&quot;_ob_postman_use&quot;:&quot;no&quot;,&quot;_ob_allow_hoveranimator&quot;:&quot;no&quot;}\" data-widget_type=\"text-editor.default\">\n\t\t\t\t\t\t\t\t\t<p>La politica di sviluppo regionale promuove lo sviluppo sostenibile nel senso pi\u00f9 ampio, attua i potenziali di sviluppo e supera gli ostacoli allo sviluppo in tutte le regioni di sviluppo slovene, che sono le unit\u00e0 territoriali funzionali fondamentali per la pianificazione della politica regionale e l&#8217;attuazione dei compiti di sviluppo regionale. In Slovenia esistono 12 regioni di sviluppo, che sono anche regioni statistiche con lo stesso nome. I sindaci della nostra regione, nell&#8217;ottobre 2018, hanno avanzato la proposta di rinominare la Regione di Sviluppo Costiera-Kras in Regione di Sviluppo Istra-Brkini-Kras.<\/p><p>\u00a0<\/p><div class=\"content content-blocks col left grid-col-8 elements\"><div id=\"e13999\" class=\"typo content-element__content content-module block\"><div class=\"adapt\"><div class=\"inner rte\"><p><strong>Obiettivi della politica regionale<\/strong><\/p><p>La visione dello sviluppo regionale \u00e8 una regione dinamica e creativa, guidata in modo efficiente, con una propria identit\u00e0, capace di percepire e sfruttare le opportunit\u00e0 di sviluppo globali. Lo sviluppo delle regioni si basa sull&#8217;efficienza economica, la giustizia sociale e la responsabilit\u00e0 ambientale.<\/p><p>Promuovendo uno sviluppo regionale equilibrato, miriamo ad aumentare il capitale economico, ambientale e sociale nelle regioni di sviluppo e aumentarne l&#8217;efficacia in termini di competitivit\u00e0 dell&#8217;economia, qualit\u00e0 della vita e uso sostenibile delle risorse naturali. Vogliamo eliminare i problemi strutturali nelle aree problematiche e ridurre il loro ritardo nello sviluppo, realizzando e rafforzando il potenziale di sviluppo della regione attraverso la cooperazione internazionale.<\/p><\/div><\/div><\/div><\/div>\t\t\t\t\t\t\t\t<\/div>\n\t\t\t\t\t<\/div>\n\t\t<\/div>\n\t\t\t\t\t<\/div>\n\t\t<\/section>\n\t\t\t\t<section class=\"elementor-section elementor-top-section elementor-element elementor-element-7927c65 elementor-section-boxed elementor-section-height-default elementor-section-height-default\" data-id=\"7927c65\" data-element_type=\"section\">\n\t\t\t\t\t\t<div class=\"elementor-container elementor-column-gap-default\">\n\t\t\t\t\t<div class=\"elementor-column elementor-col-100 elementor-top-column elementor-element elementor-element-95ae7ea\" data-id=\"95ae7ea\" data-element_type=\"column\" data-settings=\"{&quot;_ob_column_hoveranimator&quot;:&quot;no&quot;}\">\n\t\t\t<div class=\"elementor-widget-wrap elementor-element-populated\">\n\t\t\t\t\t\t<div class=\"elementor-element elementor-element-6c0ab6c elementor-widget elementor-widget-toggle\" data-id=\"6c0ab6c\" data-element_type=\"widget\" data-settings=\"{&quot;_ob_allow_hoveranimator&quot;:&quot;no&quot;}\" data-widget_type=\"toggle.default\">\n\t\t\t\t\t\t\t<div class=\"elementor-toggle\">\n\t\t\t\t\t\t\t<div class=\"elementor-toggle-item\">\n\t\t\t\t\t<div id=\"elementor-tab-title-1131\" class=\"elementor-tab-title\" data-tab=\"1\" role=\"button\" aria-controls=\"elementor-tab-content-1131\" aria-expanded=\"false\">\n\t\t\t\t\t\t\t\t\t\t\t\t<span class=\"elementor-toggle-icon elementor-toggle-icon-left\" aria-hidden=\"true\">\n\t\t\t\t\t\t\t\t\t\t\t\t\t\t\t<span class=\"elementor-toggle-icon-closed\"><i class=\"fas fa-caret-down\"><\/i><\/span>\n\t\t\t\t\t\t\t\t<span class=\"elementor-toggle-icon-opened\"><i class=\"elementor-toggle-icon-opened fas fa-caret-up\"><\/i><\/span>\n\t\t\t\t\t\t\t\t\t\t\t\t\t<\/span>\n\t\t\t\t\t\t\t\t\t\t\t\t<a class=\"elementor-toggle-title\" tabindex=\"0\">Istituzioni della politica regionale<\/a>\n\t\t\t\t\t<\/div>\n\n\t\t\t\t\t<div id=\"elementor-tab-content-1131\" class=\"elementor-tab-content elementor-clearfix\" data-tab=\"1\" role=\"region\" aria-labelledby=\"elementor-tab-title-1131\"><p>Le decisioni di sviluppo a livello regionale sono prese dal consiglio di sviluppo della regione e dal consiglio regionale. I compiti generali di sviluppo nella regione sono svolti dall&#8217;agenzia di sviluppo regionale, che prepara, coordina, monitora e valuta il programma di sviluppo regionale e svolge a livello regionale alcuni altri compiti di sviluppo dello stato di interesse pubblico.<\/p><\/div>\n\t\t\t\t<\/div>\n\t\t\t\t\t\t\t<div class=\"elementor-toggle-item\">\n\t\t\t\t\t<div id=\"elementor-tab-title-1132\" class=\"elementor-tab-title\" data-tab=\"2\" role=\"button\" aria-controls=\"elementor-tab-content-1132\" aria-expanded=\"false\">\n\t\t\t\t\t\t\t\t\t\t\t\t<span class=\"elementor-toggle-icon elementor-toggle-icon-left\" aria-hidden=\"true\">\n\t\t\t\t\t\t\t\t\t\t\t\t\t\t\t<span class=\"elementor-toggle-icon-closed\"><i class=\"fas fa-caret-down\"><\/i><\/span>\n\t\t\t\t\t\t\t\t<span class=\"elementor-toggle-icon-opened\"><i class=\"elementor-toggle-icon-opened fas fa-caret-up\"><\/i><\/span>\n\t\t\t\t\t\t\t\t\t\t\t\t\t<\/span>\n\t\t\t\t\t\t\t\t\t\t\t\t<a class=\"elementor-toggle-title\" tabindex=\"0\">Accordo per lo sviluppo delle regioni - DRR<\/a>\n\t\t\t\t\t<\/div>\n\n\t\t\t\t\t<div id=\"elementor-tab-content-1132\" class=\"elementor-tab-content elementor-clearfix\" data-tab=\"2\" role=\"region\" aria-labelledby=\"elementor-tab-title-1132\"><p>L&#8217;Accordo per lo sviluppo della regione (DRR) \u00e8 uno strumento della politica regionale che attua il programma di sviluppo regionale definendo i progetti regionali e settoriali chiave per superare gli ostacoli allo sviluppo nella regione e le fonti di finanziamento. Il DRR consente il cofinanziamento dell&#8217;attuazione dei programmi di sviluppo regionale nelle 12 regioni di sviluppo.<\/p><\/div>\n\t\t\t\t<\/div>\n\t\t\t\t\t\t\t<div class=\"elementor-toggle-item\">\n\t\t\t\t\t<div id=\"elementor-tab-title-1133\" class=\"elementor-tab-title\" data-tab=\"3\" role=\"button\" aria-controls=\"elementor-tab-content-1133\" aria-expanded=\"false\">\n\t\t\t\t\t\t\t\t\t\t\t\t<span class=\"elementor-toggle-icon elementor-toggle-icon-left\" aria-hidden=\"true\">\n\t\t\t\t\t\t\t\t\t\t\t\t\t\t\t<span class=\"elementor-toggle-icon-closed\"><i class=\"fas fa-caret-down\"><\/i><\/span>\n\t\t\t\t\t\t\t\t<span class=\"elementor-toggle-icon-opened\"><i class=\"elementor-toggle-icon-opened fas fa-caret-up\"><\/i><\/span>\n\t\t\t\t\t\t\t\t\t\t\t\t\t<\/span>\n\t\t\t\t\t\t\t\t\t\t\t\t<a class=\"elementor-toggle-title\" tabindex=\"0\">Programma di sviluppo regionale - RRP<\/a>\n\t\t\t\t\t<\/div>\n\n\t\t\t\t\t<div id=\"elementor-tab-content-1133\" class=\"elementor-tab-content elementor-clearfix\" data-tab=\"3\" role=\"region\" aria-labelledby=\"elementor-tab-title-1133\"><p>Ogni periodo di programmazione vede la preparazione del programma di sviluppo regionale (RRP) nella regione, che \u00e8 il principale documento strategico e programmatico a livello regionale. Con esso vengono allineati gli obiettivi di sviluppo nella regione e determinati gli strumenti e valutate le risorse per la loro attuazione. Il documento attuativo del RRP \u00e8 l&#8217;accordo per lo sviluppo della regione e viene stipulato per un periodo di quattro anni. <\/p><\/div>\n\t\t\t\t<\/div>\n\t\t\t\t\t\t\t<div class=\"elementor-toggle-item\">\n\t\t\t\t\t<div id=\"elementor-tab-title-1134\" class=\"elementor-tab-title\" data-tab=\"4\" role=\"button\" aria-controls=\"elementor-tab-content-1134\" aria-expanded=\"false\">\n\t\t\t\t\t\t\t\t\t\t\t\t<span class=\"elementor-toggle-icon elementor-toggle-icon-left\" aria-hidden=\"true\">\n\t\t\t\t\t\t\t\t\t\t\t\t\t\t\t<span class=\"elementor-toggle-icon-closed\"><i class=\"fas fa-caret-down\"><\/i><\/span>\n\t\t\t\t\t\t\t\t<span class=\"elementor-toggle-icon-opened\"><i class=\"elementor-toggle-icon-opened fas fa-caret-up\"><\/i><\/span>\n\t\t\t\t\t\t\t\t\t\t\t\t\t<\/span>\n\t\t\t\t\t\t\t\t\t\t\t\t<a class=\"elementor-toggle-title\" tabindex=\"0\">Piano territoriale regionale - RPP<\/a>\n\t\t\t\t\t<\/div>\n\n\t\t\t\t\t<div id=\"elementor-tab-content-1134\" class=\"elementor-tab-content elementor-clearfix\" data-tab=\"4\" role=\"region\" aria-labelledby=\"elementor-tab-title-1134\"><p>La pianificazione territoriale a livello regionale \u00e8 fondamentale per uno sviluppo regionale armonioso e per un equilibrato sviluppo territoriale dello stato. Lo strumento di pianificazione territoriale a livello regionale \u00e8 il piano territoriale regionale (RPP), un atto strategico territoriale con cui lo stato e i comuni, sulla base della Strategia di sviluppo territoriale della Slovenia, del suo programma d&#8217;azione, di altri atti di sviluppo dello stato e degli obiettivi di sviluppo dell&#8217;UE, concordano e allineano lo sviluppo territoriale di ciascuna regione di sviluppo e determinano le principali opportunit\u00e0 di sviluppo e le linee guida per gli atti territoriali comunali.<\/p><p>Dal 2023 \u00e8 iniziata la preparazione della prima generazione di piani territoriali regionali in Slovenia, con le agenzie di sviluppo regionale nel ruolo di preparatori. Il Centro di sviluppo regionale di Capodistria, in qualit\u00e0 di preparatore, svolge principalmente compiti organizzativi e di coordinamento.<\/p><p>\u00a0<\/p><\/div>\n\t\t\t\t<\/div>\n\t\t\t\t\t\t\t\t<\/div>\n\t\t\t\t\t\t<\/div>\n\t\t\t\t\t<\/div>\n\t\t<\/div>\n\t\t\t\t\t<\/div>\n\t\t<\/section>\n\t\t\t\t<\/div>\n\t\t","protected":false},"excerpt":{"rendered":"<p>La politica di sviluppo regionale promuove lo sviluppo sostenibile nel senso pi\u00f9 ampio, attua i potenziali di sviluppo e supera gli ostacoli allo sviluppo in tutte le regioni di sviluppo slovene, che sono le unit\u00e0 territoriali funzionali fondamentali per la pianificazione della politica regionale e l&#8217;attuazione dei compiti di sviluppo regionale. In Slovenia esistono 12 [&hellip;]<\/p>\n","protected":false},"author":14,"featured_media":0,"comment_status":"closed","ping_status":"closed","sticky":false,"template":"","format":"standard","meta":{"_acf_changed":false,"footnotes":""},"categories":[23],"tags":[],"class_list":["post-14284","post","type-post","status-publish","format-standard","hentry","category-non-categorizzato"],"acf":[],"yoast_head":"<!-- This site is optimized with the Yoast SEO plugin v26.5 - https:\/\/yoast.com\/wordpress\/plugins\/seo\/ -->\n<title>Sviluppo regionale - Regionalni razvojni center Koper<\/title>\n<meta name=\"robots\" content=\"index, follow, max-snippet:-1, max-image-preview:large, max-video-preview:-1\" \/>\n<link rel=\"canonical\" href=\"https:\/\/www.rrc-kp.si\/regionalni-razvoj\/\" \/>\n<meta property=\"og:locale\" content=\"it_IT\" \/>\n<meta property=\"og:type\" content=\"article\" \/>\n<meta property=\"og:title\" content=\"Sviluppo regionale - Regionalni razvojni center Koper\" \/>\n<meta property=\"og:description\" content=\"La politica di sviluppo regionale promuove lo sviluppo sostenibile nel senso pi\u00f9 ampio, attua i potenziali di sviluppo e supera gli ostacoli allo sviluppo in tutte le regioni di sviluppo slovene, che sono le unit\u00e0 territoriali funzionali fondamentali per la pianificazione della politica regionale e l&#8217;attuazione dei compiti di sviluppo regionale. In Slovenia esistono 12 [&hellip;]\" \/>\n<meta property=\"og:url\" content=\"https:\/\/www.rrc-kp.si\/regionalni-razvoj\/\" \/>\n<meta property=\"og:site_name\" content=\"Regionalni razvojni center Koper\" \/>\n<meta property=\"article:published_time\" content=\"2017-01-28T10:00:27+00:00\" \/>\n<meta property=\"article:modified_time\" content=\"2025-02-11T11:18:52+00:00\" \/>\n<meta name=\"author\" content=\"karin\" \/>\n<meta name=\"twitter:card\" content=\"summary_large_image\" \/>\n<meta name=\"twitter:label1\" content=\"Scritto da\" \/>\n\t<meta name=\"twitter:data1\" content=\"karin\" \/>\n\t<meta name=\"twitter:label2\" content=\"Tempo di lettura stimato\" \/>\n\t<meta name=\"twitter:data2\" content=\"4 minuti\" \/>\n<script type=\"application\/ld+json\" class=\"yoast-schema-graph\">{\"@context\":\"https:\/\/schema.org\",\"@graph\":[{\"@type\":\"Article\",\"@id\":\"https:\/\/www.rrc-kp.si\/regionalni-razvoj\/#article\",\"isPartOf\":{\"@id\":\"https:\/\/www.rrc-kp.si\/regionalni-razvoj\/\"},\"author\":{\"name\":\"karin\",\"@id\":\"https:\/\/www.rrc-kp.si\/#\/schema\/person\/3b25bb3ce4ed3ede7808fa3d579cf482\"},\"headline\":\"Sviluppo regionale\",\"datePublished\":\"2017-01-28T10:00:27+00:00\",\"dateModified\":\"2025-02-11T11:18:52+00:00\",\"mainEntityOfPage\":{\"@id\":\"https:\/\/www.rrc-kp.si\/regionalni-razvoj\/\"},\"wordCount\":551,\"publisher\":{\"@id\":\"https:\/\/www.rrc-kp.si\/#organization\"},\"articleSection\":[\"Non categorizzato\"],\"inLanguage\":\"it-IT\"},{\"@type\":\"WebPage\",\"@id\":\"https:\/\/www.rrc-kp.si\/regionalni-razvoj\/\",\"url\":\"https:\/\/www.rrc-kp.si\/regionalni-razvoj\/\",\"name\":\"Sviluppo regionale - Regionalni razvojni center Koper\",\"isPartOf\":{\"@id\":\"https:\/\/www.rrc-kp.si\/#website\"},\"datePublished\":\"2017-01-28T10:00:27+00:00\",\"dateModified\":\"2025-02-11T11:18:52+00:00\",\"breadcrumb\":{\"@id\":\"https:\/\/www.rrc-kp.si\/regionalni-razvoj\/#breadcrumb\"},\"inLanguage\":\"it-IT\",\"potentialAction\":[{\"@type\":\"ReadAction\",\"target\":[\"https:\/\/www.rrc-kp.si\/regionalni-razvoj\/\"]}]},{\"@type\":\"BreadcrumbList\",\"@id\":\"https:\/\/www.rrc-kp.si\/regionalni-razvoj\/#breadcrumb\",\"itemListElement\":[{\"@type\":\"ListItem\",\"position\":1,\"name\":\"Home\",\"item\":\"https:\/\/www.rrc-kp.si\/it\/\"},{\"@type\":\"ListItem\",\"position\":2,\"name\":\"Sviluppo regionale\"}]},{\"@type\":\"WebSite\",\"@id\":\"https:\/\/www.rrc-kp.si\/#website\",\"url\":\"https:\/\/www.rrc-kp.si\/\",\"name\":\"Regionalni razvojni center Koper\",\"description\":\"RRC Koper\",\"publisher\":{\"@id\":\"https:\/\/www.rrc-kp.si\/#organization\"},\"potentialAction\":[{\"@type\":\"SearchAction\",\"target\":{\"@type\":\"EntryPoint\",\"urlTemplate\":\"https:\/\/www.rrc-kp.si\/?s={search_term_string}\"},\"query-input\":{\"@type\":\"PropertyValueSpecification\",\"valueRequired\":true,\"valueName\":\"search_term_string\"}}],\"inLanguage\":\"it-IT\"},{\"@type\":\"Organization\",\"@id\":\"https:\/\/www.rrc-kp.si\/#organization\",\"name\":\"Regionalni razvojni center Koper\",\"url\":\"https:\/\/www.rrc-kp.si\/\",\"logo\":{\"@type\":\"ImageObject\",\"inLanguage\":\"it-IT\",\"@id\":\"https:\/\/www.rrc-kp.si\/#\/schema\/logo\/image\/\",\"url\":\"https:\/\/www.rrc-kp.si\/wp-content\/uploads\/2021\/11\/LOGO-RRC-CEL-BEL-1-e1737099415271.png\",\"contentUrl\":\"https:\/\/www.rrc-kp.si\/wp-content\/uploads\/2021\/11\/LOGO-RRC-CEL-BEL-1-e1737099415271.png\",\"width\":2586,\"height\":2003,\"caption\":\"Regionalni razvojni center Koper\"},\"image\":{\"@id\":\"https:\/\/www.rrc-kp.si\/#\/schema\/logo\/image\/\"}},{\"@type\":\"Person\",\"@id\":\"https:\/\/www.rrc-kp.si\/#\/schema\/person\/3b25bb3ce4ed3ede7808fa3d579cf482\",\"name\":\"karin\"}]}<\/script>\n<!-- \/ Yoast SEO plugin. -->","yoast_head_json":{"title":"Sviluppo regionale - Regionalni razvojni center Koper","robots":{"index":"index","follow":"follow","max-snippet":"max-snippet:-1","max-image-preview":"max-image-preview:large","max-video-preview":"max-video-preview:-1"},"canonical":"https:\/\/www.rrc-kp.si\/regionalni-razvoj\/","og_locale":"it_IT","og_type":"article","og_title":"Sviluppo regionale - Regionalni razvojni center Koper","og_description":"La politica di sviluppo regionale promuove lo sviluppo sostenibile nel senso pi\u00f9 ampio, attua i potenziali di sviluppo e supera gli ostacoli allo sviluppo in tutte le regioni di sviluppo slovene, che sono le unit\u00e0 territoriali funzionali fondamentali per la pianificazione della politica regionale e l&#8217;attuazione dei compiti di sviluppo regionale. In Slovenia esistono 12 [&hellip;]","og_url":"https:\/\/www.rrc-kp.si\/regionalni-razvoj\/","og_site_name":"Regionalni razvojni center Koper","article_published_time":"2017-01-28T10:00:27+00:00","article_modified_time":"2025-02-11T11:18:52+00:00","author":"karin","twitter_card":"summary_large_image","twitter_misc":{"Scritto da":"karin","Tempo di lettura stimato":"4 minuti"},"schema":{"@context":"https:\/\/schema.org","@graph":[{"@type":"Article","@id":"https:\/\/www.rrc-kp.si\/regionalni-razvoj\/#article","isPartOf":{"@id":"https:\/\/www.rrc-kp.si\/regionalni-razvoj\/"},"author":{"name":"karin","@id":"https:\/\/www.rrc-kp.si\/#\/schema\/person\/3b25bb3ce4ed3ede7808fa3d579cf482"},"headline":"Sviluppo regionale","datePublished":"2017-01-28T10:00:27+00:00","dateModified":"2025-02-11T11:18:52+00:00","mainEntityOfPage":{"@id":"https:\/\/www.rrc-kp.si\/regionalni-razvoj\/"},"wordCount":551,"publisher":{"@id":"https:\/\/www.rrc-kp.si\/#organization"},"articleSection":["Non categorizzato"],"inLanguage":"it-IT"},{"@type":"WebPage","@id":"https:\/\/www.rrc-kp.si\/regionalni-razvoj\/","url":"https:\/\/www.rrc-kp.si\/regionalni-razvoj\/","name":"Sviluppo regionale - Regionalni razvojni center Koper","isPartOf":{"@id":"https:\/\/www.rrc-kp.si\/#website"},"datePublished":"2017-01-28T10:00:27+00:00","dateModified":"2025-02-11T11:18:52+00:00","breadcrumb":{"@id":"https:\/\/www.rrc-kp.si\/regionalni-razvoj\/#breadcrumb"},"inLanguage":"it-IT","potentialAction":[{"@type":"ReadAction","target":["https:\/\/www.rrc-kp.si\/regionalni-razvoj\/"]}]},{"@type":"BreadcrumbList","@id":"https:\/\/www.rrc-kp.si\/regionalni-razvoj\/#breadcrumb","itemListElement":[{"@type":"ListItem","position":1,"name":"Home","item":"https:\/\/www.rrc-kp.si\/it\/"},{"@type":"ListItem","position":2,"name":"Sviluppo regionale"}]},{"@type":"WebSite","@id":"https:\/\/www.rrc-kp.si\/#website","url":"https:\/\/www.rrc-kp.si\/","name":"Regionalni razvojni center Koper","description":"RRC Koper","publisher":{"@id":"https:\/\/www.rrc-kp.si\/#organization"},"potentialAction":[{"@type":"SearchAction","target":{"@type":"EntryPoint","urlTemplate":"https:\/\/www.rrc-kp.si\/?s={search_term_string}"},"query-input":{"@type":"PropertyValueSpecification","valueRequired":true,"valueName":"search_term_string"}}],"inLanguage":"it-IT"},{"@type":"Organization","@id":"https:\/\/www.rrc-kp.si\/#organization","name":"Regionalni razvojni center Koper","url":"https:\/\/www.rrc-kp.si\/","logo":{"@type":"ImageObject","inLanguage":"it-IT","@id":"https:\/\/www.rrc-kp.si\/#\/schema\/logo\/image\/","url":"https:\/\/www.rrc-kp.si\/wp-content\/uploads\/2021\/11\/LOGO-RRC-CEL-BEL-1-e1737099415271.png","contentUrl":"https:\/\/www.rrc-kp.si\/wp-content\/uploads\/2021\/11\/LOGO-RRC-CEL-BEL-1-e1737099415271.png","width":2586,"height":2003,"caption":"Regionalni razvojni center Koper"},"image":{"@id":"https:\/\/www.rrc-kp.si\/#\/schema\/logo\/image\/"}},{"@type":"Person","@id":"https:\/\/www.rrc-kp.si\/#\/schema\/person\/3b25bb3ce4ed3ede7808fa3d579cf482","name":"karin"}]}},"_links":{"self":[{"href":"https:\/\/www.rrc-kp.si\/it\/wp-json\/wp\/v2\/posts\/14284","targetHints":{"allow":["GET"]}}],"collection":[{"href":"https:\/\/www.rrc-kp.si\/it\/wp-json\/wp\/v2\/posts"}],"about":[{"href":"https:\/\/www.rrc-kp.si\/it\/wp-json\/wp\/v2\/types\/post"}],"author":[{"embeddable":true,"href":"https:\/\/www.rrc-kp.si\/it\/wp-json\/wp\/v2\/users\/14"}],"replies":[{"embeddable":true,"href":"https:\/\/www.rrc-kp.si\/it\/wp-json\/wp\/v2\/comments?post=14284"}],"version-history":[{"count":10,"href":"https:\/\/www.rrc-kp.si\/it\/wp-json\/wp\/v2\/posts\/14284\/revisions"}],"predecessor-version":[{"id":14507,"href":"https:\/\/www.rrc-kp.si\/it\/wp-json\/wp\/v2\/posts\/14284\/revisions\/14507"}],"wp:attachment":[{"href":"https:\/\/www.rrc-kp.si\/it\/wp-json\/wp\/v2\/media?parent=14284"}],"wp:term":[{"taxonomy":"category","embeddable":true,"href":"https:\/\/www.rrc-kp.si\/it\/wp-json\/wp\/v2\/categories?post=14284"},{"taxonomy":"post_tag","embeddable":true,"href":"https:\/\/www.rrc-kp.si\/it\/wp-json\/wp\/v2\/tags?post=14284"}],"curies":[{"name":"wp","href":"https:\/\/api.w.org\/{rel}","templated":true}]}}