{"id":7723,"date":"2013-07-23T19:34:59","date_gmt":"2013-07-23T17:34:59","guid":{"rendered":"https:\/\/www.rrc-kp.si\/presentazione\/"},"modified":"2025-08-04T15:13:59","modified_gmt":"2025-08-04T13:13:59","slug":"presentazione","status":"publish","type":"post","link":"https:\/\/www.rrc-kp.si\/it\/presentazione\/","title":{"rendered":"Chi siamo"},"content":{"rendered":"\t\t<div data-elementor-type=\"wp-post\" data-elementor-id=\"7723\" class=\"elementor elementor-7723 elementor-7578\" data-elementor-post-type=\"post\">\n\t\t\t\t\t\t<section class=\"elementor-section elementor-top-section elementor-element elementor-element-707f458b elementor-section-boxed elementor-section-height-default elementor-section-height-default\" data-id=\"707f458b\" data-element_type=\"section\">\n\t\t\t\t\t\t<div class=\"elementor-container elementor-column-gap-default\">\n\t\t\t\t\t<div class=\"elementor-column elementor-col-100 elementor-top-column elementor-element elementor-element-1b4845ea\" data-id=\"1b4845ea\" data-element_type=\"column\" data-settings=\"{&quot;_ob_column_hoveranimator&quot;:&quot;no&quot;}\">\n\t\t\t<div class=\"elementor-widget-wrap elementor-element-populated\">\n\t\t\t\t\t\t<div class=\"elementor-element elementor-element-2787e17f elementor-widget elementor-widget-text-editor\" data-id=\"2787e17f\" data-element_type=\"widget\" data-settings=\"{&quot;_ob_postman_use&quot;:&quot;no&quot;,&quot;_ob_allow_hoveranimator&quot;:&quot;no&quot;}\" data-widget_type=\"text-editor.default\">\n\t\t\t\t\t\t\t\t\t<p>ll Centro regionale di sviluppo Capodistria (CRS Capodistria) opera come un&#8217;istituzione per la promozione dello sviluppo dell&#8217;imprenditoria e dell&#8217;economia nella nostra regione. La sua funzione \u00e8 di coordinare gli interessi regionali nell&#8217;ambito dello sviluppo, dell&#8217;economia, delle risorse umane e della protezione ambientale sia a livello locale che a livello nazionale.<\/p><p>Dal 2001 il CRS Capodistria ha guadagnato lo status di organizzazione centrale dell&#8217;Agenzia regionale di sviluppo della Primorska meridionale per i comuni di Ankaran-Ancarano, Diva\u010da, Hrpelje-Kozina, Izola-Isola, Komen, Koper-Capodistria, Piran-Pirano e Se\u017eana. Svolgendo questa funzione il CRS \u00e8 costantemente in contatto con ministeri, organizzazioni statali, camere di economia e camere artigianali, comuni, societ\u00e0 e altre istituzioni.<\/p><p>Il CRS Capodistria promuove e svolge progetti di cooperazione transfrontaliera con l&#8217;Italia e la Croazia.<\/p><p><strong>Fondatori<\/strong><\/p><p>Il Centro Regionale di Sviluppo di Capodistria \u00e8 stato fondato nel 1994 come centro locale per la promozione delle piccole imprese e dell&#8217;artigianato. La forma giuridica-organizzativa del centro \u00e8 un ente pubblico. Tra i fondatori, che includono il Comune Citt\u00e0 di Capodistria, l&#8217;Ufficio Regionale di Capodistria dell&#8217;Istituto della Repubblica di Slovenia per l&#8217;Impiego e la Camera di Commercio della Slovenia, si \u00e8 aggiunto nel 2016 anche il Comune di Hrpelje-Kozina.<\/p>\t\t\t\t\t\t\t\t<\/div>\n\t\t\t\t\t<\/div>\n\t\t<\/div>\n\t\t\t\t\t<\/div>\n\t\t<\/section>\n\t\t\t\t<section class=\"elementor-section elementor-top-section elementor-element elementor-element-4eea5e9 elementor-section-boxed elementor-section-height-default elementor-section-height-default\" data-id=\"4eea5e9\" data-element_type=\"section\">\n\t\t\t\t\t\t<div class=\"elementor-container elementor-column-gap-default\">\n\t\t\t\t\t<div class=\"elementor-column elementor-col-25 elementor-top-column elementor-element elementor-element-879e218\" data-id=\"879e218\" data-element_type=\"column\" data-settings=\"{&quot;_ob_column_hoveranimator&quot;:&quot;no&quot;}\">\n\t\t\t<div class=\"elementor-widget-wrap elementor-element-populated\">\n\t\t\t\t\t\t<div class=\"elementor-element elementor-element-fc525c7 elementor-invisible elementor-widget elementor-widget-image\" data-id=\"fc525c7\" data-element_type=\"widget\" data-settings=\"{&quot;_animation&quot;:&quot;pulse&quot;,&quot;_ob_allow_hoveranimator&quot;:&quot;no&quot;}\" data-widget_type=\"image.default\">\n\t\t\t\t\t\t\t\t\t\t\t\t\t\t\t\t<a href=\"https:\/\/www.koper.si\/\">\n\t\t\t\t\t\t\t<img fetchpriority=\"high\" decoding=\"async\" width=\"800\" height=\"565\" src=\"https:\/\/www.rrc-kp.si\/wp-content\/uploads\/2025\/01\/logoMOK-1024x723.png\" class=\"attachment-large size-large wp-image-14123\" alt=\"\" srcset=\"https:\/\/www.rrc-kp.si\/wp-content\/uploads\/2025\/01\/logoMOK-1024x723.png 1024w, https:\/\/www.rrc-kp.si\/wp-content\/uploads\/2025\/01\/logoMOK-300x212.png 300w, https:\/\/www.rrc-kp.si\/wp-content\/uploads\/2025\/01\/logoMOK-768x542.png 768w, https:\/\/www.rrc-kp.si\/wp-content\/uploads\/2025\/01\/logoMOK.png 1187w\" sizes=\"(max-width: 800px) 100vw, 800px\" \/>\t\t\t\t\t\t\t\t<\/a>\n\t\t\t\t\t\t\t\t\t\t\t\t\t\t\t<\/div>\n\t\t\t\t\t<\/div>\n\t\t<\/div>\n\t\t\t\t<div class=\"elementor-column elementor-col-25 elementor-top-column elementor-element elementor-element-b36941d\" data-id=\"b36941d\" data-element_type=\"column\" data-settings=\"{&quot;_ob_column_hoveranimator&quot;:&quot;no&quot;}\">\n\t\t\t<div class=\"elementor-widget-wrap elementor-element-populated\">\n\t\t\t\t\t\t<div class=\"elementor-element elementor-element-f25e524 elementor-invisible elementor-widget elementor-widget-image\" data-id=\"f25e524\" data-element_type=\"widget\" data-settings=\"{&quot;_animation&quot;:&quot;pulse&quot;,&quot;_ob_allow_hoveranimator&quot;:&quot;no&quot;}\" data-widget_type=\"image.default\">\n\t\t\t\t\t\t\t\t\t\t\t\t\t\t\t\t<a href=\"https:\/\/www.gzs.si\/\">\n\t\t\t\t\t\t\t<img decoding=\"async\" width=\"290\" height=\"149\" src=\"https:\/\/www.rrc-kp.si\/wp-content\/uploads\/2025\/01\/gzs-barvni-cmyk.png\" class=\"attachment-large size-large wp-image-14126\" alt=\"\" \/>\t\t\t\t\t\t\t\t<\/a>\n\t\t\t\t\t\t\t\t\t\t\t\t\t\t\t<\/div>\n\t\t\t\t\t<\/div>\n\t\t<\/div>\n\t\t\t\t<div class=\"elementor-column elementor-col-25 elementor-top-column elementor-element elementor-element-2a7d86f\" data-id=\"2a7d86f\" data-element_type=\"column\" data-settings=\"{&quot;_ob_column_hoveranimator&quot;:&quot;no&quot;}\">\n\t\t\t<div class=\"elementor-widget-wrap elementor-element-populated\">\n\t\t\t\t\t\t<div class=\"elementor-element elementor-element-97da9c9 elementor-invisible elementor-widget elementor-widget-image\" data-id=\"97da9c9\" data-element_type=\"widget\" data-settings=\"{&quot;_animation&quot;:&quot;pulse&quot;,&quot;_ob_allow_hoveranimator&quot;:&quot;no&quot;}\" data-widget_type=\"image.default\">\n\t\t\t\t\t\t\t\t\t\t\t\t\t\t\t\t<a href=\"https:\/\/www.ess.gov.si\/iskalci-zaposlitve\/#\/\">\n\t\t\t\t\t\t\t<img decoding=\"async\" width=\"467\" height=\"300\" src=\"https:\/\/www.rrc-kp.si\/wp-content\/uploads\/2025\/01\/unnamed-1.png\" class=\"attachment-large size-large wp-image-14129\" alt=\"\" srcset=\"https:\/\/www.rrc-kp.si\/wp-content\/uploads\/2025\/01\/unnamed-1.png 467w, https:\/\/www.rrc-kp.si\/wp-content\/uploads\/2025\/01\/unnamed-1-300x193.png 300w\" sizes=\"(max-width: 467px) 100vw, 467px\" \/>\t\t\t\t\t\t\t\t<\/a>\n\t\t\t\t\t\t\t\t\t\t\t\t\t\t\t<\/div>\n\t\t\t\t\t<\/div>\n\t\t<\/div>\n\t\t\t\t<div class=\"elementor-column elementor-col-25 elementor-top-column elementor-element elementor-element-c550e7e\" data-id=\"c550e7e\" data-element_type=\"column\" data-settings=\"{&quot;_ob_column_hoveranimator&quot;:&quot;no&quot;}\">\n\t\t\t<div class=\"elementor-widget-wrap elementor-element-populated\">\n\t\t\t\t\t\t<div class=\"elementor-element elementor-element-5869480 elementor-invisible elementor-widget elementor-widget-image\" data-id=\"5869480\" data-element_type=\"widget\" data-settings=\"{&quot;_animation&quot;:&quot;pulse&quot;,&quot;_ob_allow_hoveranimator&quot;:&quot;no&quot;}\" data-widget_type=\"image.default\">\n\t\t\t\t\t\t\t\t\t\t\t\t\t\t\t\t<a href=\"https:\/\/www.hrpelje-kozina.si\/\">\n\t\t\t\t\t\t\t<img loading=\"lazy\" decoding=\"async\" width=\"400\" height=\"138\" src=\"https:\/\/www.rrc-kp.si\/wp-content\/uploads\/2025\/01\/sasdasdasdasd-1.png\" class=\"attachment-large size-large wp-image-14132\" alt=\"\" srcset=\"https:\/\/www.rrc-kp.si\/wp-content\/uploads\/2025\/01\/sasdasdasdasd-1.png 400w, https:\/\/www.rrc-kp.si\/wp-content\/uploads\/2025\/01\/sasdasdasdasd-1-300x104.png 300w\" sizes=\"(max-width: 400px) 100vw, 400px\" \/>\t\t\t\t\t\t\t\t<\/a>\n\t\t\t\t\t\t\t\t\t\t\t\t\t\t\t<\/div>\n\t\t\t\t\t<\/div>\n\t\t<\/div>\n\t\t\t\t\t<\/div>\n\t\t<\/section>\n\t\t\t\t<section class=\"elementor-section elementor-top-section elementor-element elementor-element-452d472 elementor-section-boxed elementor-section-height-default elementor-section-height-default\" data-id=\"452d472\" data-element_type=\"section\">\n\t\t\t\t\t\t<div class=\"elementor-container elementor-column-gap-default\">\n\t\t\t\t\t<div class=\"elementor-column elementor-col-100 elementor-top-column elementor-element elementor-element-4fbd033\" data-id=\"4fbd033\" data-element_type=\"column\" data-settings=\"{&quot;_ob_column_hoveranimator&quot;:&quot;no&quot;}\">\n\t\t\t<div class=\"elementor-widget-wrap elementor-element-populated\">\n\t\t\t\t\t\t<div class=\"elementor-element elementor-element-58c8aa3 elementor-widget elementor-widget-heading\" data-id=\"58c8aa3\" data-element_type=\"widget\" data-settings=\"{&quot;_ob_allow_hoveranimator&quot;:&quot;no&quot;}\" data-widget_type=\"heading.default\">\n\t\t\t\t\t<h2 class=\"elementor-heading-title elementor-size-default\">Altre informazioni<\/h2>\t\t\t\t<\/div>\n\t\t\t\t\t<\/div>\n\t\t<\/div>\n\t\t\t\t\t<\/div>\n\t\t<\/section>\n\t\t\t\t<section class=\"elementor-section elementor-top-section elementor-element elementor-element-dbc3b7c elementor-section-boxed elementor-section-height-default elementor-section-height-default\" data-id=\"dbc3b7c\" data-element_type=\"section\">\n\t\t\t\t\t\t<div class=\"elementor-container elementor-column-gap-default\">\n\t\t\t\t\t<div class=\"elementor-column elementor-col-100 elementor-top-column elementor-element elementor-element-44f0574\" data-id=\"44f0574\" data-element_type=\"column\" data-settings=\"{&quot;_ob_column_hoveranimator&quot;:&quot;no&quot;}\">\n\t\t\t<div class=\"elementor-widget-wrap elementor-element-populated\">\n\t\t\t\t\t\t<div class=\"elementor-element elementor-element-6dc1781 elementor-grid-3 elementor-grid-tablet-2 elementor-grid-mobile-1 elementor-posts--thumbnail-top elementor-posts--show-avatar elementor-card-shadow-yes elementor-posts__hover-gradient elementor-widget elementor-widget-posts\" data-id=\"6dc1781\" data-element_type=\"widget\" data-settings=\"{&quot;cards_columns&quot;:&quot;3&quot;,&quot;cards_columns_tablet&quot;:&quot;2&quot;,&quot;cards_columns_mobile&quot;:&quot;1&quot;,&quot;cards_row_gap&quot;:{&quot;unit&quot;:&quot;px&quot;,&quot;size&quot;:35,&quot;sizes&quot;:[]},&quot;cards_row_gap_tablet&quot;:{&quot;unit&quot;:&quot;px&quot;,&quot;size&quot;:&quot;&quot;,&quot;sizes&quot;:[]},&quot;cards_row_gap_mobile&quot;:{&quot;unit&quot;:&quot;px&quot;,&quot;size&quot;:&quot;&quot;,&quot;sizes&quot;:[]},&quot;_ob_allow_hoveranimator&quot;:&quot;no&quot;}\" data-widget_type=\"posts.cards\">\n\t\t\t\t<div class=\"elementor-widget-container\">\n\t\t\t\t\t\t\t<div class=\"elementor-posts-container elementor-posts elementor-posts--skin-cards elementor-grid\" role=\"list\">\n\t\t\t\t<article class=\"elementor-post elementor-grid-item post-7730 post type-post status-publish format-standard has-post-thumbnail hentry category-info-it category-uncategorised\" role=\"listitem\">\n\t\t\t<div class=\"elementor-post__card\">\n\t\t\t\t<a class=\"elementor-post__thumbnail__link\" href=\"https:\/\/www.rrc-kp.si\/it\/dove-siamo\/\" tabindex=\"-1\" ><div class=\"elementor-post__thumbnail\"><img loading=\"lazy\" decoding=\"async\" width=\"300\" height=\"181\" src=\"https:\/\/www.rrc-kp.si\/wp-content\/uploads\/2013\/07\/Kje_smo-300x181.jpg\" class=\"attachment-medium size-medium wp-image-3519\" alt=\"\" srcset=\"https:\/\/www.rrc-kp.si\/wp-content\/uploads\/2013\/07\/Kje_smo-300x181.jpg 300w, https:\/\/www.rrc-kp.si\/wp-content\/uploads\/2013\/07\/Kje_smo-1024x619.jpg 1024w, https:\/\/www.rrc-kp.si\/wp-content\/uploads\/2013\/07\/Kje_smo-768x464.jpg 768w, https:\/\/www.rrc-kp.si\/wp-content\/uploads\/2013\/07\/Kje_smo.jpg 1031w\" sizes=\"(max-width: 300px) 100vw, 300px\" \/><\/div><\/a>\n\t\t\t\t<div class=\"elementor-post__avatar\">\n\t\t\t\t\t<\/div>\n\t\t\t\t<div class=\"elementor-post__text\">\n\t\t\t\t<h3 class=\"elementor-post__title\">\n\t\t\t<a href=\"https:\/\/www.rrc-kp.si\/it\/dove-siamo\/\" >\n\t\t\t\tDove siamo\t\t\t<\/a>\n\t\t<\/h3>\n\t\t\t\t<div class=\"elementor-post__excerpt\">\n\t\t\t<p>Ci troviamo nel Koper Capodistria in Via 15. maggio 19. &nbsp; mappa (Google maps) &nbsp;<\/p>\n\t\t<\/div>\n\t\t\n\t\t<a class=\"elementor-post__read-more\" href=\"https:\/\/www.rrc-kp.si\/it\/dove-siamo\/\" aria-label=\"Leggi tutto Dove siamo\" tabindex=\"-1\" >\n\t\t\tRead More \u00bb\t\t<\/a>\n\n\t\t\t\t<\/div>\n\t\t\t\t<div class=\"elementor-post__meta-data\">\n\t\t\t\t\t<span class=\"elementor-post-date\">\n\t\t\t23. Luglio, 2013\t\t<\/span>\n\t\t\t\t<span class=\"elementor-post-avatar\">\n\t\t\tNessun commento\t\t<\/span>\n\t\t\t\t<\/div>\n\t\t\t\t\t<\/div>\n\t\t<\/article>\n\t\t\t\t<article class=\"elementor-post elementor-grid-item post-7729 post type-post status-publish format-standard has-post-thumbnail hentry category-info-it category-non-categorizzato\" role=\"listitem\">\n\t\t\t<div class=\"elementor-post__card\">\n\t\t\t\t<a class=\"elementor-post__thumbnail__link\" href=\"https:\/\/www.rrc-kp.si\/it\/contatti\/\" tabindex=\"-1\" ><div class=\"elementor-post__thumbnail\"><img loading=\"lazy\" decoding=\"async\" width=\"300\" height=\"200\" src=\"https:\/\/www.rrc-kp.si\/wp-content\/uploads\/2011\/06\/telephone-laptop-flat-lay-with-workspace-yellow-background-300x200.jpg\" class=\"attachment-medium size-medium wp-image-10586\" alt=\"\" srcset=\"https:\/\/www.rrc-kp.si\/wp-content\/uploads\/2011\/06\/telephone-laptop-flat-lay-with-workspace-yellow-background-300x200.jpg 300w, https:\/\/www.rrc-kp.si\/wp-content\/uploads\/2011\/06\/telephone-laptop-flat-lay-with-workspace-yellow-background-1024x683.jpg 1024w, https:\/\/www.rrc-kp.si\/wp-content\/uploads\/2011\/06\/telephone-laptop-flat-lay-with-workspace-yellow-background-768x512.jpg 768w, https:\/\/www.rrc-kp.si\/wp-content\/uploads\/2011\/06\/telephone-laptop-flat-lay-with-workspace-yellow-background-1536x1025.jpg 1536w, https:\/\/www.rrc-kp.si\/wp-content\/uploads\/2011\/06\/telephone-laptop-flat-lay-with-workspace-yellow-background-2048x1366.jpg 2048w\" sizes=\"(max-width: 300px) 100vw, 300px\" \/><\/div><\/a>\n\t\t\t\t<div class=\"elementor-post__avatar\">\n\t\t\t\t\t<\/div>\n\t\t\t\t<div class=\"elementor-post__text\">\n\t\t\t\t<h3 class=\"elementor-post__title\">\n\t\t\t<a href=\"https:\/\/www.rrc-kp.si\/it\/contatti\/\" >\n\t\t\t\tContatti\t\t\t<\/a>\n\t\t<\/h3>\n\t\t\t\t<div class=\"elementor-post__excerpt\">\n\t\t\t<p>Informazioni generaliTel. +386 5 66 37 580E-mail Giuliano Nemarnik, DirettoreTel. +386 5 66 37 580E-mail Irena Cergol Tel. +386 5<\/p>\n\t\t<\/div>\n\t\t\n\t\t<a class=\"elementor-post__read-more\" href=\"https:\/\/www.rrc-kp.si\/it\/contatti\/\" aria-label=\"Leggi tutto Contatti\" tabindex=\"-1\" >\n\t\t\tRead More \u00bb\t\t<\/a>\n\n\t\t\t\t<\/div>\n\t\t\t\t<div class=\"elementor-post__meta-data\">\n\t\t\t\t\t<span class=\"elementor-post-date\">\n\t\t\t23. Luglio, 2013\t\t<\/span>\n\t\t\t\t<span class=\"elementor-post-avatar\">\n\t\t\tNessun commento\t\t<\/span>\n\t\t\t\t<\/div>\n\t\t\t\t\t<\/div>\n\t\t<\/article>\n\t\t\t\t<article class=\"elementor-post elementor-grid-item post-7728 post type-post status-publish format-standard has-post-thumbnail hentry category-info-it\" role=\"listitem\">\n\t\t\t<div class=\"elementor-post__card\">\n\t\t\t\t<a class=\"elementor-post__thumbnail__link\" href=\"https:\/\/www.rrc-kp.si\/it\/aree-di-attivita\/\" tabindex=\"-1\" ><div class=\"elementor-post__thumbnail\"><img loading=\"lazy\" decoding=\"async\" width=\"300\" height=\"169\" src=\"https:\/\/www.rrc-kp.si\/wp-content\/uploads\/2011\/06\/pexels-fauxels-3184292-300x169.jpg\" class=\"attachment-medium size-medium wp-image-10580\" alt=\"\" srcset=\"https:\/\/www.rrc-kp.si\/wp-content\/uploads\/2011\/06\/pexels-fauxels-3184292-300x169.jpg 300w, https:\/\/www.rrc-kp.si\/wp-content\/uploads\/2011\/06\/pexels-fauxels-3184292-1024x576.jpg 1024w, https:\/\/www.rrc-kp.si\/wp-content\/uploads\/2011\/06\/pexels-fauxels-3184292-768x432.jpg 768w, https:\/\/www.rrc-kp.si\/wp-content\/uploads\/2011\/06\/pexels-fauxels-3184292-1536x864.jpg 1536w, https:\/\/www.rrc-kp.si\/wp-content\/uploads\/2011\/06\/pexels-fauxels-3184292-2048x1152.jpg 2048w\" sizes=\"(max-width: 300px) 100vw, 300px\" \/><\/div><\/a>\n\t\t\t\t<div class=\"elementor-post__avatar\">\n\t\t\t\t\t<\/div>\n\t\t\t\t<div class=\"elementor-post__text\">\n\t\t\t\t<h3 class=\"elementor-post__title\">\n\t\t\t<a href=\"https:\/\/www.rrc-kp.si\/it\/aree-di-attivita\/\" >\n\t\t\t\tAree di attivit\u00e0\t\t\t<\/a>\n\t\t<\/h3>\n\t\t\t\t<div class=\"elementor-post__excerpt\">\n\t\t\t<p>Sviluppo regionale Amministrazione e monitoraggio del Programma di sviluppo regionale (PSR) Sistema regionale di informazioni (REGIC) Programma LEADER Promozione dell\u2019imprenditoria<\/p>\n\t\t<\/div>\n\t\t\n\t\t<a class=\"elementor-post__read-more\" href=\"https:\/\/www.rrc-kp.si\/it\/aree-di-attivita\/\" aria-label=\"Leggi tutto Aree di attivit\u00e0\" tabindex=\"-1\" >\n\t\t\tRead More \u00bb\t\t<\/a>\n\n\t\t\t\t<\/div>\n\t\t\t\t<div class=\"elementor-post__meta-data\">\n\t\t\t\t\t<span class=\"elementor-post-date\">\n\t\t\t23. Luglio, 2013\t\t<\/span>\n\t\t\t\t<span class=\"elementor-post-avatar\">\n\t\t\tNessun commento\t\t<\/span>\n\t\t\t\t<\/div>\n\t\t\t\t\t<\/div>\n\t\t<\/article>\n\t\t\t\t<\/div>\n\t\t\n\t\t\t\t\t\t<\/div>\n\t\t\t\t<\/div>\n\t\t\t\t\t<\/div>\n\t\t<\/div>\n\t\t\t\t\t<\/div>\n\t\t<\/section>\n\t\t\t\t<section class=\"elementor-section elementor-top-section elementor-element elementor-element-8ea4a41 elementor-section-boxed elementor-section-height-default elementor-section-height-default\" data-id=\"8ea4a41\" data-element_type=\"section\">\n\t\t\t\t\t\t<div class=\"elementor-container elementor-column-gap-default\">\n\t\t\t\t\t<div class=\"elementor-column elementor-col-100 elementor-top-column elementor-element elementor-element-3861063\" data-id=\"3861063\" data-element_type=\"column\" data-settings=\"{&quot;_ob_column_hoveranimator&quot;:&quot;no&quot;}\">\n\t\t\t<div class=\"elementor-widget-wrap elementor-element-populated\">\n\t\t\t\t\t\t<div class=\"elementor-element elementor-element-fe94c80 elementor-widget elementor-widget-text-editor\" data-id=\"fe94c80\" data-element_type=\"widget\" data-settings=\"{&quot;_ob_postman_use&quot;:&quot;no&quot;,&quot;_ob_allow_hoveranimator&quot;:&quot;no&quot;}\" data-widget_type=\"text-editor.default\">\n\t\t\t\t\t\t\t\t\t<p><strong>Regionalni razvojni center Koper<\/strong><br \/><strong>Centro regionale di sviluppo Capodistria<\/strong><br \/>Ulica 15. maja 19 \/ Via 15 maggio 19<br \/>6000 Koper \/ 6000 Capodistria<\/p><p><strong>Tel<\/strong>. +386 5 66 37 580<br \/><strong>E-mail<\/strong>: <a href=\"mailto:info@rrc-kp.si\">info@rrc-kp.si<\/a><\/p><p><strong>Codice Fiscale<\/strong>: SI28049705<br \/><strong>Numero di matricola<\/strong>: 5868696<br \/><strong>SWIFT<\/strong>: BAKOSI2X<br \/><strong>IBAN<\/strong>: SI56 101000039157634<\/p><p><a href=\"https:\/\/www.facebook.com\/rrckoper\"><img loading=\"lazy\" decoding=\"async\" class=\"alignnone wp-image-10620\" src=\"https:\/\/www.rrc-kp.si\/wp-content\/uploads\/2011\/06\/alexander-shatov-CTZhGbSxWLI-unsplash-300x225.jpg\" alt=\"\" width=\"52\" height=\"39\" srcset=\"https:\/\/www.rrc-kp.si\/wp-content\/uploads\/2011\/06\/alexander-shatov-CTZhGbSxWLI-unsplash-300x225.jpg 300w, https:\/\/www.rrc-kp.si\/wp-content\/uploads\/2011\/06\/alexander-shatov-CTZhGbSxWLI-unsplash-1024x768.jpg 1024w, https:\/\/www.rrc-kp.si\/wp-content\/uploads\/2011\/06\/alexander-shatov-CTZhGbSxWLI-unsplash-768x576.jpg 768w, https:\/\/www.rrc-kp.si\/wp-content\/uploads\/2011\/06\/alexander-shatov-CTZhGbSxWLI-unsplash-1536x1152.jpg 1536w, https:\/\/www.rrc-kp.si\/wp-content\/uploads\/2011\/06\/alexander-shatov-CTZhGbSxWLI-unsplash-2048x1536.jpg 2048w\" sizes=\"(max-width: 52px) 100vw, 52px\" \/><\/a> <a href=\"https:\/\/www.instagram.com\/rrc_koper\/\"><img loading=\"lazy\" decoding=\"async\" class=\"alignnone wp-image-10617\" src=\"https:\/\/www.rrc-kp.si\/wp-content\/uploads\/2011\/06\/alexander-shatov-_tF3vug2FhQ-unsplash-300x225.jpg\" alt=\"\" width=\"52\" height=\"39\" srcset=\"https:\/\/www.rrc-kp.si\/wp-content\/uploads\/2011\/06\/alexander-shatov-_tF3vug2FhQ-unsplash-300x225.jpg 300w, https:\/\/www.rrc-kp.si\/wp-content\/uploads\/2011\/06\/alexander-shatov-_tF3vug2FhQ-unsplash-1024x768.jpg 1024w, https:\/\/www.rrc-kp.si\/wp-content\/uploads\/2011\/06\/alexander-shatov-_tF3vug2FhQ-unsplash-768x576.jpg 768w, https:\/\/www.rrc-kp.si\/wp-content\/uploads\/2011\/06\/alexander-shatov-_tF3vug2FhQ-unsplash-1536x1152.jpg 1536w, https:\/\/www.rrc-kp.si\/wp-content\/uploads\/2011\/06\/alexander-shatov-_tF3vug2FhQ-unsplash-2048x1536.jpg 2048w\" sizes=\"(max-width: 52px) 100vw, 52px\" \/><\/a><\/p>\t\t\t\t\t\t\t\t<\/div>\n\t\t\t\t\t<\/div>\n\t\t<\/div>\n\t\t\t\t\t<\/div>\n\t\t<\/section>\n\t\t\t\t<\/div>\n\t\t","protected":false},"excerpt":{"rendered":"<p>ll Centro regionale di sviluppo Capodistria (CRS Capodistria) opera come un&#8217;istituzione per la promozione dello sviluppo dell&#8217;imprenditoria e dell&#8217;economia nella nostra regione. La sua funzione \u00e8 di coordinare gli interessi regionali nell&#8217;ambito dello sviluppo, dell&#8217;economia, delle risorse umane e della protezione ambientale sia a livello locale che a livello nazionale. Dal 2001 il CRS Capodistria [&hellip;]<\/p>\n","protected":false},"author":1,"featured_media":10610,"comment_status":"closed","ping_status":"closed","sticky":false,"template":"","format":"standard","meta":{"_acf_changed":false,"footnotes":""},"categories":[114],"tags":[],"class_list":["post-7723","post","type-post","status-publish","format-standard","has-post-thumbnail","hentry","category-info-it"],"acf":[],"yoast_head":"<!-- This site is optimized with the Yoast SEO plugin v26.5 - https:\/\/yoast.com\/wordpress\/plugins\/seo\/ -->\n<title>Chi siamo - Regionalni razvojni center Koper<\/title>\n<meta name=\"robots\" content=\"index, follow, max-snippet:-1, max-image-preview:large, max-video-preview:-1\" \/>\n<link rel=\"canonical\" href=\"https:\/\/www.rrc-kp.si\/predstavitev3\/\" \/>\n<meta property=\"og:locale\" content=\"it_IT\" \/>\n<meta property=\"og:type\" content=\"article\" \/>\n<meta property=\"og:title\" content=\"Chi siamo - Regionalni razvojni center Koper\" \/>\n<meta property=\"og:description\" content=\"ll Centro regionale di sviluppo Capodistria (CRS Capodistria) opera come un&#8217;istituzione per la promozione dello sviluppo dell&#8217;imprenditoria e dell&#8217;economia nella nostra regione. La sua funzione \u00e8 di coordinare gli interessi regionali nell&#8217;ambito dello sviluppo, dell&#8217;economia, delle risorse umane e della protezione ambientale sia a livello locale che a livello nazionale. Dal 2001 il CRS Capodistria [&hellip;]\" \/>\n<meta property=\"og:url\" content=\"https:\/\/www.rrc-kp.si\/predstavitev3\/\" \/>\n<meta property=\"og:site_name\" content=\"Regionalni razvojni center Koper\" \/>\n<meta property=\"article:published_time\" content=\"2013-07-23T17:34:59+00:00\" \/>\n<meta property=\"article:modified_time\" content=\"2025-08-04T13:13:59+00:00\" \/>\n<meta property=\"og:image\" content=\"https:\/\/www.rrc-kp.si\/wp-content\/uploads\/2011\/06\/Ekipa-RRC-Koper.jpg\" \/>\n\t<meta property=\"og:image:width\" content=\"2255\" \/>\n\t<meta property=\"og:image:height\" content=\"1267\" \/>\n\t<meta property=\"og:image:type\" content=\"image\/jpeg\" \/>\n<meta name=\"author\" content=\"benr\" \/>\n<meta name=\"twitter:card\" content=\"summary_large_image\" \/>\n<meta name=\"twitter:label1\" content=\"Scritto da\" \/>\n\t<meta name=\"twitter:data1\" content=\"benr\" \/>\n\t<meta name=\"twitter:label2\" content=\"Tempo di lettura stimato\" \/>\n\t<meta name=\"twitter:data2\" content=\"3 minuti\" \/>\n<script type=\"application\/ld+json\" class=\"yoast-schema-graph\">{\"@context\":\"https:\/\/schema.org\",\"@graph\":[{\"@type\":\"Article\",\"@id\":\"https:\/\/www.rrc-kp.si\/predstavitev3\/#article\",\"isPartOf\":{\"@id\":\"https:\/\/www.rrc-kp.si\/predstavitev3\/\"},\"author\":{\"name\":\"benr\",\"@id\":\"https:\/\/www.rrc-kp.si\/#\/schema\/person\/949f010d651e78a1c45cfdc175d16605\"},\"headline\":\"Chi siamo\",\"datePublished\":\"2013-07-23T17:34:59+00:00\",\"dateModified\":\"2025-08-04T13:13:59+00:00\",\"mainEntityOfPage\":{\"@id\":\"https:\/\/www.rrc-kp.si\/predstavitev3\/\"},\"wordCount\":232,\"publisher\":{\"@id\":\"https:\/\/www.rrc-kp.si\/#organization\"},\"image\":{\"@id\":\"https:\/\/www.rrc-kp.si\/predstavitev3\/#primaryimage\"},\"thumbnailUrl\":\"https:\/\/www.rrc-kp.si\/wp-content\/uploads\/2011\/06\/Ekipa-RRC-Koper.jpg\",\"articleSection\":[\"Chi siamo\"],\"inLanguage\":\"it-IT\"},{\"@type\":\"WebPage\",\"@id\":\"https:\/\/www.rrc-kp.si\/predstavitev3\/\",\"url\":\"https:\/\/www.rrc-kp.si\/predstavitev3\/\",\"name\":\"Chi siamo - Regionalni razvojni center Koper\",\"isPartOf\":{\"@id\":\"https:\/\/www.rrc-kp.si\/#website\"},\"primaryImageOfPage\":{\"@id\":\"https:\/\/www.rrc-kp.si\/predstavitev3\/#primaryimage\"},\"image\":{\"@id\":\"https:\/\/www.rrc-kp.si\/predstavitev3\/#primaryimage\"},\"thumbnailUrl\":\"https:\/\/www.rrc-kp.si\/wp-content\/uploads\/2011\/06\/Ekipa-RRC-Koper.jpg\",\"datePublished\":\"2013-07-23T17:34:59+00:00\",\"dateModified\":\"2025-08-04T13:13:59+00:00\",\"breadcrumb\":{\"@id\":\"https:\/\/www.rrc-kp.si\/predstavitev3\/#breadcrumb\"},\"inLanguage\":\"it-IT\",\"potentialAction\":[{\"@type\":\"ReadAction\",\"target\":[\"https:\/\/www.rrc-kp.si\/predstavitev3\/\"]}]},{\"@type\":\"ImageObject\",\"inLanguage\":\"it-IT\",\"@id\":\"https:\/\/www.rrc-kp.si\/predstavitev3\/#primaryimage\",\"url\":\"https:\/\/www.rrc-kp.si\/wp-content\/uploads\/2011\/06\/Ekipa-RRC-Koper.jpg\",\"contentUrl\":\"https:\/\/www.rrc-kp.si\/wp-content\/uploads\/2011\/06\/Ekipa-RRC-Koper.jpg\",\"width\":2255,\"height\":1267},{\"@type\":\"BreadcrumbList\",\"@id\":\"https:\/\/www.rrc-kp.si\/predstavitev3\/#breadcrumb\",\"itemListElement\":[{\"@type\":\"ListItem\",\"position\":1,\"name\":\"Home\",\"item\":\"https:\/\/www.rrc-kp.si\/it\/\"},{\"@type\":\"ListItem\",\"position\":2,\"name\":\"Chi siamo\"}]},{\"@type\":\"WebSite\",\"@id\":\"https:\/\/www.rrc-kp.si\/#website\",\"url\":\"https:\/\/www.rrc-kp.si\/\",\"name\":\"Regionalni razvojni center Koper\",\"description\":\"RRC Koper\",\"publisher\":{\"@id\":\"https:\/\/www.rrc-kp.si\/#organization\"},\"potentialAction\":[{\"@type\":\"SearchAction\",\"target\":{\"@type\":\"EntryPoint\",\"urlTemplate\":\"https:\/\/www.rrc-kp.si\/?s={search_term_string}\"},\"query-input\":{\"@type\":\"PropertyValueSpecification\",\"valueRequired\":true,\"valueName\":\"search_term_string\"}}],\"inLanguage\":\"it-IT\"},{\"@type\":\"Organization\",\"@id\":\"https:\/\/www.rrc-kp.si\/#organization\",\"name\":\"Regionalni razvojni center Koper\",\"url\":\"https:\/\/www.rrc-kp.si\/\",\"logo\":{\"@type\":\"ImageObject\",\"inLanguage\":\"it-IT\",\"@id\":\"https:\/\/www.rrc-kp.si\/#\/schema\/logo\/image\/\",\"url\":\"https:\/\/www.rrc-kp.si\/wp-content\/uploads\/2021\/11\/LOGO-RRC-CEL-BEL-1-e1737099415271.png\",\"contentUrl\":\"https:\/\/www.rrc-kp.si\/wp-content\/uploads\/2021\/11\/LOGO-RRC-CEL-BEL-1-e1737099415271.png\",\"width\":2586,\"height\":2003,\"caption\":\"Regionalni razvojni center Koper\"},\"image\":{\"@id\":\"https:\/\/www.rrc-kp.si\/#\/schema\/logo\/image\/\"}},{\"@type\":\"Person\",\"@id\":\"https:\/\/www.rrc-kp.si\/#\/schema\/person\/949f010d651e78a1c45cfdc175d16605\",\"name\":\"benr\",\"sameAs\":[\"https:\/\/www.rrc-kp.si\"]}]}<\/script>\n<!-- \/ Yoast SEO plugin. -->","yoast_head_json":{"title":"Chi siamo - Regionalni razvojni center Koper","robots":{"index":"index","follow":"follow","max-snippet":"max-snippet:-1","max-image-preview":"max-image-preview:large","max-video-preview":"max-video-preview:-1"},"canonical":"https:\/\/www.rrc-kp.si\/predstavitev3\/","og_locale":"it_IT","og_type":"article","og_title":"Chi siamo - Regionalni razvojni center Koper","og_description":"ll Centro regionale di sviluppo Capodistria (CRS Capodistria) opera come un&#8217;istituzione per la promozione dello sviluppo dell&#8217;imprenditoria e dell&#8217;economia nella nostra regione. La sua funzione \u00e8 di coordinare gli interessi regionali nell&#8217;ambito dello sviluppo, dell&#8217;economia, delle risorse umane e della protezione ambientale sia a livello locale che a livello nazionale. Dal 2001 il CRS Capodistria [&hellip;]","og_url":"https:\/\/www.rrc-kp.si\/predstavitev3\/","og_site_name":"Regionalni razvojni center Koper","article_published_time":"2013-07-23T17:34:59+00:00","article_modified_time":"2025-08-04T13:13:59+00:00","og_image":[{"width":2255,"height":1267,"url":"https:\/\/www.rrc-kp.si\/wp-content\/uploads\/2011\/06\/Ekipa-RRC-Koper.jpg","type":"image\/jpeg"}],"author":"benr","twitter_card":"summary_large_image","twitter_misc":{"Scritto da":"benr","Tempo di lettura stimato":"3 minuti"},"schema":{"@context":"https:\/\/schema.org","@graph":[{"@type":"Article","@id":"https:\/\/www.rrc-kp.si\/predstavitev3\/#article","isPartOf":{"@id":"https:\/\/www.rrc-kp.si\/predstavitev3\/"},"author":{"name":"benr","@id":"https:\/\/www.rrc-kp.si\/#\/schema\/person\/949f010d651e78a1c45cfdc175d16605"},"headline":"Chi siamo","datePublished":"2013-07-23T17:34:59+00:00","dateModified":"2025-08-04T13:13:59+00:00","mainEntityOfPage":{"@id":"https:\/\/www.rrc-kp.si\/predstavitev3\/"},"wordCount":232,"publisher":{"@id":"https:\/\/www.rrc-kp.si\/#organization"},"image":{"@id":"https:\/\/www.rrc-kp.si\/predstavitev3\/#primaryimage"},"thumbnailUrl":"https:\/\/www.rrc-kp.si\/wp-content\/uploads\/2011\/06\/Ekipa-RRC-Koper.jpg","articleSection":["Chi siamo"],"inLanguage":"it-IT"},{"@type":"WebPage","@id":"https:\/\/www.rrc-kp.si\/predstavitev3\/","url":"https:\/\/www.rrc-kp.si\/predstavitev3\/","name":"Chi siamo - Regionalni razvojni center Koper","isPartOf":{"@id":"https:\/\/www.rrc-kp.si\/#website"},"primaryImageOfPage":{"@id":"https:\/\/www.rrc-kp.si\/predstavitev3\/#primaryimage"},"image":{"@id":"https:\/\/www.rrc-kp.si\/predstavitev3\/#primaryimage"},"thumbnailUrl":"https:\/\/www.rrc-kp.si\/wp-content\/uploads\/2011\/06\/Ekipa-RRC-Koper.jpg","datePublished":"2013-07-23T17:34:59+00:00","dateModified":"2025-08-04T13:13:59+00:00","breadcrumb":{"@id":"https:\/\/www.rrc-kp.si\/predstavitev3\/#breadcrumb"},"inLanguage":"it-IT","potentialAction":[{"@type":"ReadAction","target":["https:\/\/www.rrc-kp.si\/predstavitev3\/"]}]},{"@type":"ImageObject","inLanguage":"it-IT","@id":"https:\/\/www.rrc-kp.si\/predstavitev3\/#primaryimage","url":"https:\/\/www.rrc-kp.si\/wp-content\/uploads\/2011\/06\/Ekipa-RRC-Koper.jpg","contentUrl":"https:\/\/www.rrc-kp.si\/wp-content\/uploads\/2011\/06\/Ekipa-RRC-Koper.jpg","width":2255,"height":1267},{"@type":"BreadcrumbList","@id":"https:\/\/www.rrc-kp.si\/predstavitev3\/#breadcrumb","itemListElement":[{"@type":"ListItem","position":1,"name":"Home","item":"https:\/\/www.rrc-kp.si\/it\/"},{"@type":"ListItem","position":2,"name":"Chi siamo"}]},{"@type":"WebSite","@id":"https:\/\/www.rrc-kp.si\/#website","url":"https:\/\/www.rrc-kp.si\/","name":"Regionalni razvojni center Koper","description":"RRC Koper","publisher":{"@id":"https:\/\/www.rrc-kp.si\/#organization"},"potentialAction":[{"@type":"SearchAction","target":{"@type":"EntryPoint","urlTemplate":"https:\/\/www.rrc-kp.si\/?s={search_term_string}"},"query-input":{"@type":"PropertyValueSpecification","valueRequired":true,"valueName":"search_term_string"}}],"inLanguage":"it-IT"},{"@type":"Organization","@id":"https:\/\/www.rrc-kp.si\/#organization","name":"Regionalni razvojni center Koper","url":"https:\/\/www.rrc-kp.si\/","logo":{"@type":"ImageObject","inLanguage":"it-IT","@id":"https:\/\/www.rrc-kp.si\/#\/schema\/logo\/image\/","url":"https:\/\/www.rrc-kp.si\/wp-content\/uploads\/2021\/11\/LOGO-RRC-CEL-BEL-1-e1737099415271.png","contentUrl":"https:\/\/www.rrc-kp.si\/wp-content\/uploads\/2021\/11\/LOGO-RRC-CEL-BEL-1-e1737099415271.png","width":2586,"height":2003,"caption":"Regionalni razvojni center Koper"},"image":{"@id":"https:\/\/www.rrc-kp.si\/#\/schema\/logo\/image\/"}},{"@type":"Person","@id":"https:\/\/www.rrc-kp.si\/#\/schema\/person\/949f010d651e78a1c45cfdc175d16605","name":"benr","sameAs":["https:\/\/www.rrc-kp.si"]}]}},"_links":{"self":[{"href":"https:\/\/www.rrc-kp.si\/it\/wp-json\/wp\/v2\/posts\/7723","targetHints":{"allow":["GET"]}}],"collection":[{"href":"https:\/\/www.rrc-kp.si\/it\/wp-json\/wp\/v2\/posts"}],"about":[{"href":"https:\/\/www.rrc-kp.si\/it\/wp-json\/wp\/v2\/types\/post"}],"author":[{"embeddable":true,"href":"https:\/\/www.rrc-kp.si\/it\/wp-json\/wp\/v2\/users\/1"}],"replies":[{"embeddable":true,"href":"https:\/\/www.rrc-kp.si\/it\/wp-json\/wp\/v2\/comments?post=7723"}],"version-history":[{"count":11,"href":"https:\/\/www.rrc-kp.si\/it\/wp-json\/wp\/v2\/posts\/7723\/revisions"}],"predecessor-version":[{"id":15861,"href":"https:\/\/www.rrc-kp.si\/it\/wp-json\/wp\/v2\/posts\/7723\/revisions\/15861"}],"wp:featuredmedia":[{"embeddable":true,"href":"https:\/\/www.rrc-kp.si\/it\/wp-json\/wp\/v2\/media\/10610"}],"wp:attachment":[{"href":"https:\/\/www.rrc-kp.si\/it\/wp-json\/wp\/v2\/media?parent=7723"}],"wp:term":[{"taxonomy":"category","embeddable":true,"href":"https:\/\/www.rrc-kp.si\/it\/wp-json\/wp\/v2\/categories?post=7723"},{"taxonomy":"post_tag","embeddable":true,"href":"https:\/\/www.rrc-kp.si\/it\/wp-json\/wp\/v2\/tags?post=7723"}],"curies":[{"name":"wp","href":"https:\/\/api.w.org\/{rel}","templated":true}]}}