{"id":7739,"date":"2012-11-12T12:18:19","date_gmt":"2012-11-12T11:18:19","guid":{"rendered":"https:\/\/www.rrc-kp.si\/icon-2\/"},"modified":"2022-06-14T15:29:56","modified_gmt":"2022-06-14T13:29:56","slug":"icon-2","status":"publish","type":"post","link":"https:\/\/www.rrc-kp.si\/it\/icon-2\/","title":{"rendered":"iCON"},"content":{"rendered":"<p><strong>La competitivit\u00e0 delle piccole e medie imprese &#8211; Innovazione e imprenditorialit\u00e0<\/strong><\/p>\n<p><img decoding=\"async\" class=\" size-full wp-image-4078\" src=\"https:\/\/www.rrc-kp.si\/wp-content\/uploads\/2012\/11\/icon.jpeg\" alt=\"icon\" width=\"116\" height=\"67\" \/>&nbsp;&nbsp;<img decoding=\"async\" class=\" size-full wp-image-7572\" src=\"https:\/\/www.rrc-kp.si\/wp-content\/uploads\/2010\/12\/rrc.jpeg\" alt=\"rrc\" width=\"89\" height=\"67\" \/><\/p>\n<p>Programma per la cooperazione transfrontaliera Italia-Slovenia 2007-2013<\/p>\n<p>L&#8217;obiettivo del progetto \u00e8 aumentare la competitivit\u00e0 delle piccole e medie imprese (PMI) in tutta l&#8217;area programma attraverso la messa in rete e azioni di cooperazione. Sono previste la collaborazione, lo scambio di conoscenze e il trasferimento tecnologico, la innovazione e la internazionalizzazione. Il partenariato \u00e8 composto da tutte le strutture e associazioni di imprenditori pi\u00f9 importanti dell&#8217;intera area programma su entrambi i lati del confine che collegano e rappresentano tutte le PMI in questa area e garantiscono un&#8217;ottima conoscenza della realt\u00e0 imprenditoriale. Il cuore del progetto (WP4) \u00e8 la costituzione di collegamenti (reti, cluster, piattaforme) tra PMI che possono cos\u00ec aumentare la propria competitivit\u00e0 e contribuire alla competivit\u00e0 generale del territorio. Le attivit\u00e0 di scambio conoscenze ed esperienze unite a nuove forme di collaborazione sono promosse dalle strutture e associazioni di imprenditori (WP2). Verranno sviluppati servizi comuni per la internazionalizzazione delle imprese (WP5), anche con le nuove tecnologie e fonti d&#8217;informazione DBE (Digital Business Ecosystem) e KMS (Knowledge Management Systems) come previsto nuovi approcci promossi dalla Commissione europea per incentivare lo sviluppo regionale (WP3). Verranno incluse le categoria svantaggiate (senior, pensionati) e quelli dotati di potenziale in ambito imprenditoriale (giovani) tramite un sistema transfrontaliero di stage lavorativi presso le aziende (WP6).<\/p>\n<p>I partner partecipanti: Agenzia di sviluppo ROD di Ajdov\u0161\u010dina (Lead Partner), Centro regionale di sviluppo Capodistria, Agenzia di sviluppo regionale del Nord Litorale, Agenzia per lo sviluppo della Valle dell&#8217;Isonzo, Agenzia di sviluppo del Carso e Brkini, Camera di Commercio della Slovenia, Unit\u00e0 camerale locale della Regione Primorska settentrionale, Camera di Commercio delle Imprese e degli Artigiani della Slovenia, Unione Regionale Economica Slovena, INFORMEST \u2013 Centro di Servizi e Documentazione per la Cooperazione Economica Internazionale, Confederazione nazionale artigianato e piccola e media impresa del Veneto, Confcommercio della Provincia di Trieste, Confindustria Friuli Venezia Giulia, Confartiganato Imprese Friuli Venezia Giulia, E.I.N.E. Enti Industrializzazione Nord Est, S.I.PRO. Agenzia Provinciale per lo sviluppo di Ferrara.<\/p>\n<p>Avr\u00e0 una durata di tre anni (aprile 2010-marzo 2013).<\/p>\n<p><a href=\"http:\/\/www.icon-project.eu\">http:\/\/www.icon-project.eu<\/a><\/p>\n<hr \/>\n<p align=\"center\"><strong><img decoding=\"async\" class=\" size-full wp-image-7677\" src=\"https:\/\/www.rrc-kp.si\/wp-content\/uploads\/2012\/11\/icon_logos_komplet.jpg\" alt=\"icon_logos_komplet\" width=\"552\" height=\"47\" srcset=\"https:\/\/www.rrc-kp.si\/wp-content\/uploads\/2012\/11\/icon_logos_komplet.jpg 2009w, https:\/\/www.rrc-kp.si\/wp-content\/uploads\/2012\/11\/icon_logos_komplet-300x26.jpg 300w, https:\/\/www.rrc-kp.si\/wp-content\/uploads\/2012\/11\/icon_logos_komplet-1024x87.jpg 1024w, https:\/\/www.rrc-kp.si\/wp-content\/uploads\/2012\/11\/icon_logos_komplet-768x65.jpg 768w, https:\/\/www.rrc-kp.si\/wp-content\/uploads\/2012\/11\/icon_logos_komplet-1536x131.jpg 1536w\" sizes=\"(max-width: 552px) 100vw, 552px\" \/><br \/><\/strong><\/p>\n<p align=\"center\"><strong>&nbsp;<\/strong><\/p>\n<p align=\"center\"><strong>Uffici regionali iCON<\/strong><\/p>\n<p align=\"center\"><strong>&nbsp;<\/strong><\/p>\n<p>Nell&#8217;ambito del&nbsp;<strong>progetto ICON<\/strong>, Programma per la Cooperazione Transfrontaliera<em>&nbsp;&nbsp;<\/em>Slovenia-Italia 2007-2013, e&#8217; stato costituita una&nbsp;<strong>rete di quattro uffici regionali di informazione<\/strong>, in cui:<\/p>\n<p>&#8211;&nbsp;&nbsp;&nbsp;&nbsp;&nbsp;&nbsp;&nbsp;&nbsp;&nbsp; Per le imprese e le istituzioni offriamo informazioni sulle possibilita&#8217; di finanziamento delle innovazioni, dell&#8217;imprenditoria, dell&#8217;internazionalizzazione, identifichiamo possibili sinergie transfrontalere e occasioni di collaborazione imprenditoriale, offriamo un supporto generale per la costituzione di impresa, ricerchiamo partner a livello transfrontaliero<\/p>\n<p>&#8211;&nbsp;&nbsp;&nbsp;&nbsp;&nbsp;&nbsp;&nbsp;&nbsp;&nbsp; Per un numero scelto di istituzion offriamo informazioni per l&#8217;accesso agli strumenti finanziari a supporto delle imprese e supporto per l&#8217;internazionalizzazione (analisi di mercato, costituzione di imprese comuni, strategie di internazionalizzazione), formuliamo strategie innovative e di progetti imprenditoriali adeguati al gruppo prescelto, offriamo supporto ai partenariati economici transfrontalieri<\/p>\n<p><strong>Contatti:<\/strong><\/p>\n<table border=\"1\" cellspacing=\"0\" cellpadding=\"0\">\n<tbody>\n<tr>\n<td valign=\"top\" width=\"123\">\n<p>RRC Koper<\/p>\n<\/td>\n<td valign=\"top\" width=\"283\">\n<p>Indirizzo: RRC Koper, Ulica 15 maja 19, Koper<\/p>\n<p>Telefono: + 386 5 663 75 82<\/p>\n<p>E-mail:&nbsp;<a href=\"mailto:info@rrc-kp.si\">info@rrc-kp.si<\/a><\/p>\n<p>Persona di contatto: mag. Tina Matekovi\u010d<\/p>\n<\/td>\n<\/tr>\n<tr>\n<td valign=\"top\" width=\"123\">\n<p>Rod Ajdov\u0161\u010dina<\/p>\n<\/td>\n<td valign=\"top\" width=\"283\">\n<p>Indirizzo: Gregor\u010di\u010deva 20, Ajdov\u0161\u010dina<\/p>\n<p>Telefono: + 386 5 365 36 04<\/p>\n<p>E-mail:&nbsp;<a href=\"mailto:ra.rod@siol.net\">ra.rod@siol.net<\/a><\/p>\n<p>Persona di contatto: Silvana Peljhan<\/p>\n<\/td>\n<\/tr>\n<tr>\n<td valign=\"top\" width=\"123\">\n<p>Informest<\/p>\n<\/td>\n<td valign=\"top\" width=\"283\">\n<p>Indirizzo: Via Cadorna 36, 34170 Gorizia<\/p>\n<p>Telefono: 0481-597436<\/p>\n<p><a href=\"mailto:icon@informest.it\">icon@informest.it<\/a><\/p>\n<p>Persona di contatto: Luisa Capitan<\/p>\n<\/td>\n<\/tr>\n<tr>\n<td valign=\"top\" width=\"123\">\n<p>SDGZ\/EURES<\/p>\n<\/td>\n<td valign=\"top\" width=\"283\">\n<p>Indirizzo: Via Cicerone 8, Trieste<\/p>\n<p>Telefono: +39 040 67248<\/p>\n<p>E-mail:&nbsp;<a href=\"mailto:info@sdgz.it\">info@sdgz.it<\/a><\/p>\n<p>Persona di contatto: Andrej \u0160ik<\/p>\n<\/td>\n<\/tr>\n<\/tbody>\n<\/table>\n<p><img loading=\"lazy\" decoding=\"async\" class=\" size-full wp-image-7673\" src=\"https:\/\/www.rrc-kp.si\/wp-content\/uploads\/2012\/11\/icon_complet.jpg\" alt=\"icon_complet\" width=\"590\" height=\"218\" srcset=\"https:\/\/www.rrc-kp.si\/wp-content\/uploads\/2012\/11\/icon_complet.jpg 827w, https:\/\/www.rrc-kp.si\/wp-content\/uploads\/2012\/11\/icon_complet-300x111.jpg 300w, https:\/\/www.rrc-kp.si\/wp-content\/uploads\/2012\/11\/icon_complet-768x284.jpg 768w\" sizes=\"(max-width: 590px) 100vw, 590px\" \/><\/p>\n","protected":false},"excerpt":{"rendered":"<p>La competitivit\u00e0 delle piccole e medie imprese &#8211; Innovazione e imprenditorialit\u00e0 &nbsp;&nbsp; Programma per la cooperazione transfrontaliera Italia-Slovenia 2007-2013 L&#8217;obiettivo del progetto \u00e8 aumentare la competitivit\u00e0 delle piccole e medie imprese (PMI) in tutta l&#8217;area programma attraverso la messa in rete e azioni di cooperazione. Sono previste la collaborazione, lo scambio di conoscenze e il [&hellip;]<\/p>\n","protected":false},"author":1,"featured_media":4078,"comment_status":"closed","ping_status":"","sticky":false,"template":"","format":"standard","meta":{"_acf_changed":false,"footnotes":""},"categories":[110,106],"tags":[],"class_list":["post-7739","post","type-post","status-publish","format-standard","has-post-thumbnail","hentry","category-finiti","category-progetti"],"acf":[],"yoast_head":"<!-- This site is optimized with the Yoast SEO plugin v27.5 - https:\/\/yoast.com\/product\/yoast-seo-wordpress\/ -->\n<title>iCON - Regionalni razvojni center Koper<\/title>\n<meta name=\"robots\" content=\"index, follow, max-snippet:-1, max-image-preview:large, max-video-preview:-1\" \/>\n<link rel=\"canonical\" href=\"https:\/\/www.rrc-kp.si\/it\/icon-2\/\" \/>\n<meta property=\"og:locale\" content=\"it_IT\" \/>\n<meta property=\"og:type\" content=\"article\" \/>\n<meta property=\"og:title\" content=\"iCON - Regionalni razvojni center Koper\" \/>\n<meta property=\"og:description\" content=\"La competitivit\u00e0 delle piccole e medie imprese &#8211; Innovazione e imprenditorialit\u00e0 &nbsp;&nbsp; Programma per la cooperazione transfrontaliera Italia-Slovenia 2007-2013 L&#8217;obiettivo del progetto \u00e8 aumentare la competitivit\u00e0 delle piccole e medie imprese (PMI) in tutta l&#8217;area programma attraverso la messa in rete e azioni di cooperazione. Sono previste la collaborazione, lo scambio di conoscenze e il [&hellip;]\" \/>\n<meta property=\"og:url\" content=\"https:\/\/www.rrc-kp.si\/it\/icon-2\/\" \/>\n<meta property=\"og:site_name\" content=\"Regionalni razvojni center Koper\" \/>\n<meta property=\"article:published_time\" content=\"2012-11-12T11:18:19+00:00\" \/>\n<meta property=\"article:modified_time\" content=\"2022-06-14T13:29:56+00:00\" \/>\n<meta property=\"og:image\" content=\"https:\/\/www.rrc-kp.si\/wp-content\/uploads\/2012\/11\/icon.jpeg\" \/>\n\t<meta property=\"og:image:width\" content=\"116\" \/>\n\t<meta property=\"og:image:height\" content=\"67\" \/>\n\t<meta property=\"og:image:type\" content=\"image\/jpeg\" \/>\n<meta name=\"author\" content=\"benr\" \/>\n<meta name=\"twitter:card\" content=\"summary_large_image\" \/>\n<meta name=\"twitter:label1\" content=\"Scritto da\" \/>\n\t<meta name=\"twitter:data1\" content=\"benr\" \/>\n\t<meta name=\"twitter:label2\" content=\"Tempo di lettura stimato\" \/>\n\t<meta name=\"twitter:data2\" content=\"3 minuti\" \/>\n<script type=\"application\/ld+json\" class=\"yoast-schema-graph\">{\"@context\":\"https:\\\/\\\/schema.org\",\"@graph\":[{\"@type\":\"Article\",\"@id\":\"https:\\\/\\\/www.rrc-kp.si\\\/it\\\/icon-2\\\/#article\",\"isPartOf\":{\"@id\":\"https:\\\/\\\/www.rrc-kp.si\\\/it\\\/icon-2\\\/\"},\"author\":{\"name\":\"benr\",\"@id\":\"https:\\\/\\\/www.rrc-kp.si\\\/#\\\/schema\\\/person\\\/949f010d651e78a1c45cfdc175d16605\"},\"headline\":\"iCON\",\"datePublished\":\"2012-11-12T11:18:19+00:00\",\"dateModified\":\"2022-06-14T13:29:56+00:00\",\"mainEntityOfPage\":{\"@id\":\"https:\\\/\\\/www.rrc-kp.si\\\/it\\\/icon-2\\\/\"},\"wordCount\":574,\"publisher\":{\"@id\":\"https:\\\/\\\/www.rrc-kp.si\\\/#organization\"},\"image\":{\"@id\":\"https:\\\/\\\/www.rrc-kp.si\\\/it\\\/icon-2\\\/#primaryimage\"},\"thumbnailUrl\":\"https:\\\/\\\/www.rrc-kp.si\\\/wp-content\\\/uploads\\\/2012\\\/11\\\/icon.jpeg\",\"articleSection\":[\"Finiti\",\"Progetti\"],\"inLanguage\":\"it-IT\"},{\"@type\":\"WebPage\",\"@id\":\"https:\\\/\\\/www.rrc-kp.si\\\/it\\\/icon-2\\\/\",\"url\":\"https:\\\/\\\/www.rrc-kp.si\\\/it\\\/icon-2\\\/\",\"name\":\"iCON - Regionalni razvojni center Koper\",\"isPartOf\":{\"@id\":\"https:\\\/\\\/www.rrc-kp.si\\\/#website\"},\"primaryImageOfPage\":{\"@id\":\"https:\\\/\\\/www.rrc-kp.si\\\/it\\\/icon-2\\\/#primaryimage\"},\"image\":{\"@id\":\"https:\\\/\\\/www.rrc-kp.si\\\/it\\\/icon-2\\\/#primaryimage\"},\"thumbnailUrl\":\"https:\\\/\\\/www.rrc-kp.si\\\/wp-content\\\/uploads\\\/2012\\\/11\\\/icon.jpeg\",\"datePublished\":\"2012-11-12T11:18:19+00:00\",\"dateModified\":\"2022-06-14T13:29:56+00:00\",\"breadcrumb\":{\"@id\":\"https:\\\/\\\/www.rrc-kp.si\\\/it\\\/icon-2\\\/#breadcrumb\"},\"inLanguage\":\"it-IT\",\"potentialAction\":[{\"@type\":\"ReadAction\",\"target\":[\"https:\\\/\\\/www.rrc-kp.si\\\/it\\\/icon-2\\\/\"]}]},{\"@type\":\"ImageObject\",\"inLanguage\":\"it-IT\",\"@id\":\"https:\\\/\\\/www.rrc-kp.si\\\/it\\\/icon-2\\\/#primaryimage\",\"url\":\"https:\\\/\\\/www.rrc-kp.si\\\/wp-content\\\/uploads\\\/2012\\\/11\\\/icon.jpeg\",\"contentUrl\":\"https:\\\/\\\/www.rrc-kp.si\\\/wp-content\\\/uploads\\\/2012\\\/11\\\/icon.jpeg\",\"width\":116,\"height\":67},{\"@type\":\"BreadcrumbList\",\"@id\":\"https:\\\/\\\/www.rrc-kp.si\\\/it\\\/icon-2\\\/#breadcrumb\",\"itemListElement\":[{\"@type\":\"ListItem\",\"position\":1,\"name\":\"Home\",\"item\":\"https:\\\/\\\/www.rrc-kp.si\\\/it\\\/\"},{\"@type\":\"ListItem\",\"position\":2,\"name\":\"iCON\"}]},{\"@type\":\"WebSite\",\"@id\":\"https:\\\/\\\/www.rrc-kp.si\\\/#website\",\"url\":\"https:\\\/\\\/www.rrc-kp.si\\\/\",\"name\":\"Regionalni razvojni center Koper\",\"description\":\"RRC Koper\",\"publisher\":{\"@id\":\"https:\\\/\\\/www.rrc-kp.si\\\/#organization\"},\"potentialAction\":[{\"@type\":\"SearchAction\",\"target\":{\"@type\":\"EntryPoint\",\"urlTemplate\":\"https:\\\/\\\/www.rrc-kp.si\\\/?s={search_term_string}\"},\"query-input\":{\"@type\":\"PropertyValueSpecification\",\"valueRequired\":true,\"valueName\":\"search_term_string\"}}],\"inLanguage\":\"it-IT\"},{\"@type\":\"Organization\",\"@id\":\"https:\\\/\\\/www.rrc-kp.si\\\/#organization\",\"name\":\"Regionalni razvojni center Koper\",\"url\":\"https:\\\/\\\/www.rrc-kp.si\\\/\",\"logo\":{\"@type\":\"ImageObject\",\"inLanguage\":\"it-IT\",\"@id\":\"https:\\\/\\\/www.rrc-kp.si\\\/#\\\/schema\\\/logo\\\/image\\\/\",\"url\":\"https:\\\/\\\/www.rrc-kp.si\\\/wp-content\\\/uploads\\\/2021\\\/11\\\/LOGO-RRC-CEL-BEL-1-e1737099415271.png\",\"contentUrl\":\"https:\\\/\\\/www.rrc-kp.si\\\/wp-content\\\/uploads\\\/2021\\\/11\\\/LOGO-RRC-CEL-BEL-1-e1737099415271.png\",\"width\":2586,\"height\":2003,\"caption\":\"Regionalni razvojni center Koper\"},\"image\":{\"@id\":\"https:\\\/\\\/www.rrc-kp.si\\\/#\\\/schema\\\/logo\\\/image\\\/\"}},{\"@type\":\"Person\",\"@id\":\"https:\\\/\\\/www.rrc-kp.si\\\/#\\\/schema\\\/person\\\/949f010d651e78a1c45cfdc175d16605\",\"name\":\"benr\",\"sameAs\":[\"https:\\\/\\\/www.rrc-kp.si\"]}]}<\/script>\n<!-- \/ Yoast SEO plugin. -->","yoast_head_json":{"title":"iCON - Regionalni razvojni center Koper","robots":{"index":"index","follow":"follow","max-snippet":"max-snippet:-1","max-image-preview":"max-image-preview:large","max-video-preview":"max-video-preview:-1"},"canonical":"https:\/\/www.rrc-kp.si\/it\/icon-2\/","og_locale":"it_IT","og_type":"article","og_title":"iCON - Regionalni razvojni center Koper","og_description":"La competitivit\u00e0 delle piccole e medie imprese &#8211; Innovazione e imprenditorialit\u00e0 &nbsp;&nbsp; Programma per la cooperazione transfrontaliera Italia-Slovenia 2007-2013 L&#8217;obiettivo del progetto \u00e8 aumentare la competitivit\u00e0 delle piccole e medie imprese (PMI) in tutta l&#8217;area programma attraverso la messa in rete e azioni di cooperazione. Sono previste la collaborazione, lo scambio di conoscenze e il [&hellip;]","og_url":"https:\/\/www.rrc-kp.si\/it\/icon-2\/","og_site_name":"Regionalni razvojni center Koper","article_published_time":"2012-11-12T11:18:19+00:00","article_modified_time":"2022-06-14T13:29:56+00:00","og_image":[{"width":116,"height":67,"url":"https:\/\/www.rrc-kp.si\/wp-content\/uploads\/2012\/11\/icon.jpeg","type":"image\/jpeg"}],"author":"benr","twitter_card":"summary_large_image","twitter_misc":{"Scritto da":"benr","Tempo di lettura stimato":"3 minuti"},"schema":{"@context":"https:\/\/schema.org","@graph":[{"@type":"Article","@id":"https:\/\/www.rrc-kp.si\/it\/icon-2\/#article","isPartOf":{"@id":"https:\/\/www.rrc-kp.si\/it\/icon-2\/"},"author":{"name":"benr","@id":"https:\/\/www.rrc-kp.si\/#\/schema\/person\/949f010d651e78a1c45cfdc175d16605"},"headline":"iCON","datePublished":"2012-11-12T11:18:19+00:00","dateModified":"2022-06-14T13:29:56+00:00","mainEntityOfPage":{"@id":"https:\/\/www.rrc-kp.si\/it\/icon-2\/"},"wordCount":574,"publisher":{"@id":"https:\/\/www.rrc-kp.si\/#organization"},"image":{"@id":"https:\/\/www.rrc-kp.si\/it\/icon-2\/#primaryimage"},"thumbnailUrl":"https:\/\/www.rrc-kp.si\/wp-content\/uploads\/2012\/11\/icon.jpeg","articleSection":["Finiti","Progetti"],"inLanguage":"it-IT"},{"@type":"WebPage","@id":"https:\/\/www.rrc-kp.si\/it\/icon-2\/","url":"https:\/\/www.rrc-kp.si\/it\/icon-2\/","name":"iCON - Regionalni razvojni center Koper","isPartOf":{"@id":"https:\/\/www.rrc-kp.si\/#website"},"primaryImageOfPage":{"@id":"https:\/\/www.rrc-kp.si\/it\/icon-2\/#primaryimage"},"image":{"@id":"https:\/\/www.rrc-kp.si\/it\/icon-2\/#primaryimage"},"thumbnailUrl":"https:\/\/www.rrc-kp.si\/wp-content\/uploads\/2012\/11\/icon.jpeg","datePublished":"2012-11-12T11:18:19+00:00","dateModified":"2022-06-14T13:29:56+00:00","breadcrumb":{"@id":"https:\/\/www.rrc-kp.si\/it\/icon-2\/#breadcrumb"},"inLanguage":"it-IT","potentialAction":[{"@type":"ReadAction","target":["https:\/\/www.rrc-kp.si\/it\/icon-2\/"]}]},{"@type":"ImageObject","inLanguage":"it-IT","@id":"https:\/\/www.rrc-kp.si\/it\/icon-2\/#primaryimage","url":"https:\/\/www.rrc-kp.si\/wp-content\/uploads\/2012\/11\/icon.jpeg","contentUrl":"https:\/\/www.rrc-kp.si\/wp-content\/uploads\/2012\/11\/icon.jpeg","width":116,"height":67},{"@type":"BreadcrumbList","@id":"https:\/\/www.rrc-kp.si\/it\/icon-2\/#breadcrumb","itemListElement":[{"@type":"ListItem","position":1,"name":"Home","item":"https:\/\/www.rrc-kp.si\/it\/"},{"@type":"ListItem","position":2,"name":"iCON"}]},{"@type":"WebSite","@id":"https:\/\/www.rrc-kp.si\/#website","url":"https:\/\/www.rrc-kp.si\/","name":"Regionalni razvojni center Koper","description":"RRC Koper","publisher":{"@id":"https:\/\/www.rrc-kp.si\/#organization"},"potentialAction":[{"@type":"SearchAction","target":{"@type":"EntryPoint","urlTemplate":"https:\/\/www.rrc-kp.si\/?s={search_term_string}"},"query-input":{"@type":"PropertyValueSpecification","valueRequired":true,"valueName":"search_term_string"}}],"inLanguage":"it-IT"},{"@type":"Organization","@id":"https:\/\/www.rrc-kp.si\/#organization","name":"Regionalni razvojni center Koper","url":"https:\/\/www.rrc-kp.si\/","logo":{"@type":"ImageObject","inLanguage":"it-IT","@id":"https:\/\/www.rrc-kp.si\/#\/schema\/logo\/image\/","url":"https:\/\/www.rrc-kp.si\/wp-content\/uploads\/2021\/11\/LOGO-RRC-CEL-BEL-1-e1737099415271.png","contentUrl":"https:\/\/www.rrc-kp.si\/wp-content\/uploads\/2021\/11\/LOGO-RRC-CEL-BEL-1-e1737099415271.png","width":2586,"height":2003,"caption":"Regionalni razvojni center Koper"},"image":{"@id":"https:\/\/www.rrc-kp.si\/#\/schema\/logo\/image\/"}},{"@type":"Person","@id":"https:\/\/www.rrc-kp.si\/#\/schema\/person\/949f010d651e78a1c45cfdc175d16605","name":"benr","sameAs":["https:\/\/www.rrc-kp.si"]}]}},"_links":{"self":[{"href":"https:\/\/www.rrc-kp.si\/it\/wp-json\/wp\/v2\/posts\/7739","targetHints":{"allow":["GET"]}}],"collection":[{"href":"https:\/\/www.rrc-kp.si\/it\/wp-json\/wp\/v2\/posts"}],"about":[{"href":"https:\/\/www.rrc-kp.si\/it\/wp-json\/wp\/v2\/types\/post"}],"author":[{"embeddable":true,"href":"https:\/\/www.rrc-kp.si\/it\/wp-json\/wp\/v2\/users\/1"}],"replies":[{"embeddable":true,"href":"https:\/\/www.rrc-kp.si\/it\/wp-json\/wp\/v2\/comments?post=7739"}],"version-history":[{"count":1,"href":"https:\/\/www.rrc-kp.si\/it\/wp-json\/wp\/v2\/posts\/7739\/revisions"}],"predecessor-version":[{"id":9589,"href":"https:\/\/www.rrc-kp.si\/it\/wp-json\/wp\/v2\/posts\/7739\/revisions\/9589"}],"wp:featuredmedia":[{"embeddable":true,"href":"https:\/\/www.rrc-kp.si\/it\/wp-json\/wp\/v2\/media\/4078"}],"wp:attachment":[{"href":"https:\/\/www.rrc-kp.si\/it\/wp-json\/wp\/v2\/media?parent=7739"}],"wp:term":[{"taxonomy":"category","embeddable":true,"href":"https:\/\/www.rrc-kp.si\/it\/wp-json\/wp\/v2\/categories?post=7739"},{"taxonomy":"post_tag","embeddable":true,"href":"https:\/\/www.rrc-kp.si\/it\/wp-json\/wp\/v2\/tags?post=7739"}],"curies":[{"name":"wp","href":"https:\/\/api.w.org\/{rel}","templated":true}]}}