{"id":7740,"date":"2013-07-25T11:22:11","date_gmt":"2013-07-25T09:22:11","guid":{"rendered":"https:\/\/www.rrc-kp.si\/inter-bike-2\/"},"modified":"2023-06-08T12:38:41","modified_gmt":"2023-06-08T10:38:41","slug":"inter-bike-2","status":"publish","type":"post","link":"https:\/\/www.rrc-kp.si\/it\/inter-bike-2\/","title":{"rendered":"Rete ciclistica intermodale transfrontaliera \u2013 Inter Bike"},"content":{"rendered":"<p><img decoding=\"async\" class=\" size-full wp-image-4151\" src=\"https:\/\/www.rrc-kp.si\/wp-content\/uploads\/2013\/07\/logo_interbike.jpg\" alt=\"logo_interbike\" width=\"61\" height=\"66\" \/> \u00a0 \u00a0 \u00a0\u00a0 \u00a0 <img decoding=\"async\" class=\" size-full wp-image-7572\" src=\"https:\/\/www.rrc-kp.si\/wp-content\/uploads\/2010\/12\/rrc.jpeg\" alt=\"rrc\" width=\"89\" height=\"67\" \/> \u00a0 \u00a0 \u00a0 \u00a0\u00a0 <img decoding=\"async\" class=\" size-full wp-image-4154\" src=\"https:\/\/www.rrc-kp.si\/wp-content\/uploads\/2013\/07\/adriabike_logo.jpg\" alt=\"adriabike logo\" width=\"67\" height=\"68\" srcset=\"https:\/\/www.rrc-kp.si\/wp-content\/uploads\/2013\/07\/adriabike_logo.jpg 439w, https:\/\/www.rrc-kp.si\/wp-content\/uploads\/2013\/07\/adriabike_logo-295x300.jpg 295w, https:\/\/www.rrc-kp.si\/wp-content\/uploads\/2013\/07\/adriabike_logo-150x150.jpg 150w\" sizes=\"(max-width: 67px) 100vw, 67px\" \/><\/p>\n<p>Il progetto strategico sulla mobilit\u00e0 sostenibile del Programma per la cooperazione transfrontaliera Italia \u2013 Slovenia 2007 \u2013 2013 si \u00e8 concluso nel marzo 2015. Negli ultimi quattro anni i partner hanno realizzato o ristrutturato opere infrastrutturali a favore della ciclabilit\u00e0 nelle regioni di Gorenjska e Primorska sul versante sloveno e nelle regioni Friuli Venezia Giulia, Veneto ed Emilia-Romagna su quello italiano. Sono stati realizzati dei tratti dei percorsi ciclabili, delle stazioni bike sharing e delle aree di sosta. \u00c8 stata inoltre collocata la segnaletica ciclabile e cicloturistica. Il valore d\u2019investimenti realizzati ammonta a 1,7 milioni di euro.<\/p>\n<p>Un importante contributo del progetto \u00e8 stata la creazione del prodotto turistico, l&#8217;itinerario ciclabile transfrontaliero denominato Adriabike diviso in due itinerari dedicati al turismo &#8211; uno slow e l\u2019altro pi\u00f9 sportivo. L&#8217;itinerario slow di una lunghezza di circa 1100 km collega Kranjska Gora con Ravenna passando per il lago di Bled, la Valle d&#8217;Isonzo, la regione Gori\u0161ka, il Carso, l&#8217;Istria slovena, Trieste e Venezia. L&#8217;itinerario pi\u00f9 impegnativo attraversa solamente la parte slovena. Inizia a Kranjska Gora, sale sul passo di Vr\u0161i\u010d, scende nella Valle d&#8217;Isonzo, prosegue verso Cerkno, Idrija e la Valle di Vipacco per raggiungere l&#8217;itinerario slow sul Carso. Entrambi gli itinerari sono presentati nel materiale promozionale e sulle mappe ciclistiche preparate in quattro versioni linguistiche. Queste possono essere scaricate dal sito web del progetto sul quale sono state pubblicate anche le tracce GPS e l&#8217;APP per gli smartphone.<\/p>\n<p>\u00c8 stata inoltre prevista l\u2019attivazione dei servizi intermodali che offrirebbero ai ciclisti il trasporto delle bici col treno, l\u2019autobus o il traghetto. Nella seconda met\u00e0 del 2014 la Regione Friuli Venezia Giulia e la Provincia di Trieste hanno realizzato dei progetti pilota offrendo dei servizi gratuiti bici+bus tra Trieste-Udine-Grado e tra Trieste citt\u00e0 e l\u2019altopiano Carsico. I servizi sono stati bene accettati. Il traghetto che collega Trieste con Grado due volte al giorno ha inoltre aumentato nell\u2019anno 2015 i posti disponibili alle biciclette. Il servizio bus tra Trieste-Opicina-Basovizza offre il trasporto delle bici ogni fine settimana.<\/p>\n<p>L\u2019itinerario ciclabile Adriabike che collega cinque regioni italo-slovene, l\u2019anello transfrontaliero nella Primorska settentrionale Bike Alpe Adria e la ciclovia Alpe Adria da Salisburgo a Grado, cofinanziata dal Programma europeo di cooperazione transfrontaliera Interreg IV Italia-Austria 2007-2013, attireranno il flusso cicloturistico dalle Alpi verso l&#8217;Adriatico. I tre itinerari rappresentano un&#8217;alternativa alla ciclovia lungo il fiume Drava \u2013 una delle pi\u00f9 frequentate ciclovie europee. L&#8217;area transfrontaliera diventer\u00e0 cos\u00ec un&#8217;attraente destinazione cicloturistica.<\/p>\n<p>Adriabike costituisce anche una parte della ciclovia europea EuroVelo 8 (Mediterranean Route) e della ciclovia BicItalia 6.<\/p>\n<p><a href=\"https:\/\/adriabike.eu\/\">https:\/\/adriabike.eu\/<\/a><\/p>\n<p><a href=\"https:\/\/www.bike-alpeadria.eu\/it\">https:\/\/www.bike-alpeadria.eu\/it<\/a><\/p>\n<p><a href=\"https:\/\/www.alpe-adria-radweg.com\/\">https:\/\/www.alpe-adria-radweg.com\/<\/a><\/p>\n<p>&nbsp;<\/p>\n<p><img loading=\"lazy\" decoding=\"async\" class=\" size-full wp-image-4157\" src=\"https:\/\/www.rrc-kp.si\/wp-content\/uploads\/2013\/07\/SVRK.jpg\" alt=\"SVRK\" width=\"307\" height=\"43\" srcset=\"https:\/\/www.rrc-kp.si\/wp-content\/uploads\/2013\/07\/SVRK.jpg 1087w, https:\/\/www.rrc-kp.si\/wp-content\/uploads\/2013\/07\/SVRK-300x42.jpg 300w, https:\/\/www.rrc-kp.si\/wp-content\/uploads\/2013\/07\/SVRK-1024x143.jpg 1024w, https:\/\/www.rrc-kp.si\/wp-content\/uploads\/2013\/07\/SVRK-768x107.jpg 768w\" sizes=\"(max-width: 307px) 100vw, 307px\" \/>\u00a0\u00a0 <img loading=\"lazy\" decoding=\"async\" src=\"http:\/\/www.adria-a.eu\/wp-content\/uploads\/2011\/10\/ita-slo-2007-2013.jpg\" alt=\"http:\/\/www.adria-a.eu\/wp-content\/uploads\/2011\/10\/ita-slo-2007-2013.jpg\" width=\"205\" height=\"410\" \/><\/p>\n<p><img loading=\"lazy\" decoding=\"async\" class=\" size-full wp-image-4160\" src=\"https:\/\/www.rrc-kp.si\/wp-content\/uploads\/2013\/07\/Ministero.JPG\" alt=\"Ministero\" width=\"220\" height=\"77\" \/><\/p>\n","protected":false},"excerpt":{"rendered":"<p>\u00a0 \u00a0 \u00a0\u00a0 \u00a0 \u00a0 \u00a0 \u00a0 \u00a0\u00a0 Il progetto strategico sulla mobilit\u00e0 sostenibile del Programma per la cooperazione transfrontaliera Italia \u2013 Slovenia 2007 \u2013 2013 si \u00e8 concluso nel marzo 2015. Negli ultimi quattro anni i partner hanno realizzato o ristrutturato opere infrastrutturali a favore della ciclabilit\u00e0 nelle regioni di Gorenjska e Primorska sul [&hellip;]<\/p>\n","protected":false},"author":1,"featured_media":4151,"comment_status":"closed","ping_status":"closed","sticky":false,"template":"","format":"standard","meta":{"_acf_changed":false,"footnotes":""},"categories":[110,106],"tags":[],"class_list":["post-7740","post","type-post","status-publish","format-standard","has-post-thumbnail","hentry","category-finiti","category-progetti"],"acf":[],"yoast_head":"<!-- This site is optimized with the Yoast SEO plugin v27.5 - https:\/\/yoast.com\/product\/yoast-seo-wordpress\/ -->\n<title>Rete ciclistica intermodale transfrontaliera \u2013 Inter Bike - Regionalni razvojni center Koper<\/title>\n<meta name=\"robots\" content=\"index, follow, max-snippet:-1, max-image-preview:large, max-video-preview:-1\" \/>\n<link rel=\"canonical\" href=\"https:\/\/www.rrc-kp.si\/it\/inter-bike-2\/\" \/>\n<meta property=\"og:locale\" content=\"it_IT\" \/>\n<meta property=\"og:type\" content=\"article\" \/>\n<meta property=\"og:title\" content=\"Rete ciclistica intermodale transfrontaliera \u2013 Inter Bike - Regionalni razvojni center Koper\" \/>\n<meta property=\"og:description\" content=\"\u00a0 \u00a0 \u00a0\u00a0 \u00a0 \u00a0 \u00a0 \u00a0 \u00a0\u00a0 Il progetto strategico sulla mobilit\u00e0 sostenibile del Programma per la cooperazione transfrontaliera Italia \u2013 Slovenia 2007 \u2013 2013 si \u00e8 concluso nel marzo 2015. Negli ultimi quattro anni i partner hanno realizzato o ristrutturato opere infrastrutturali a favore della ciclabilit\u00e0 nelle regioni di Gorenjska e Primorska sul [&hellip;]\" \/>\n<meta property=\"og:url\" content=\"https:\/\/www.rrc-kp.si\/it\/inter-bike-2\/\" \/>\n<meta property=\"og:site_name\" content=\"Regionalni razvojni center Koper\" \/>\n<meta property=\"article:published_time\" content=\"2013-07-25T09:22:11+00:00\" \/>\n<meta property=\"article:modified_time\" content=\"2023-06-08T10:38:41+00:00\" \/>\n<meta property=\"og:image\" content=\"https:\/\/www.rrc-kp.si\/wp-content\/uploads\/2013\/07\/logo_interbike.jpg\" \/>\n\t<meta property=\"og:image:width\" content=\"253\" \/>\n\t<meta property=\"og:image:height\" content=\"272\" \/>\n\t<meta property=\"og:image:type\" content=\"image\/jpeg\" \/>\n<meta name=\"author\" content=\"benr\" \/>\n<meta name=\"twitter:card\" content=\"summary_large_image\" \/>\n<meta name=\"twitter:label1\" content=\"Scritto da\" \/>\n\t<meta name=\"twitter:data1\" content=\"benr\" \/>\n\t<meta name=\"twitter:label2\" content=\"Tempo di lettura stimato\" \/>\n\t<meta name=\"twitter:data2\" content=\"4 minuti\" \/>\n<script type=\"application\/ld+json\" class=\"yoast-schema-graph\">{\"@context\":\"https:\\\/\\\/schema.org\",\"@graph\":[{\"@type\":\"Article\",\"@id\":\"https:\\\/\\\/www.rrc-kp.si\\\/it\\\/inter-bike-2\\\/#article\",\"isPartOf\":{\"@id\":\"https:\\\/\\\/www.rrc-kp.si\\\/it\\\/inter-bike-2\\\/\"},\"author\":{\"name\":\"benr\",\"@id\":\"https:\\\/\\\/www.rrc-kp.si\\\/#\\\/schema\\\/person\\\/949f010d651e78a1c45cfdc175d16605\"},\"headline\":\"Rete ciclistica intermodale transfrontaliera \u2013 Inter Bike\",\"datePublished\":\"2013-07-25T09:22:11+00:00\",\"dateModified\":\"2023-06-08T10:38:41+00:00\",\"mainEntityOfPage\":{\"@id\":\"https:\\\/\\\/www.rrc-kp.si\\\/it\\\/inter-bike-2\\\/\"},\"wordCount\":445,\"publisher\":{\"@id\":\"https:\\\/\\\/www.rrc-kp.si\\\/#organization\"},\"image\":{\"@id\":\"https:\\\/\\\/www.rrc-kp.si\\\/it\\\/inter-bike-2\\\/#primaryimage\"},\"thumbnailUrl\":\"https:\\\/\\\/www.rrc-kp.si\\\/wp-content\\\/uploads\\\/2013\\\/07\\\/logo_interbike.jpg\",\"articleSection\":[\"Finiti\",\"Progetti\"],\"inLanguage\":\"it-IT\"},{\"@type\":\"WebPage\",\"@id\":\"https:\\\/\\\/www.rrc-kp.si\\\/it\\\/inter-bike-2\\\/\",\"url\":\"https:\\\/\\\/www.rrc-kp.si\\\/it\\\/inter-bike-2\\\/\",\"name\":\"Rete ciclistica intermodale transfrontaliera \u2013 Inter Bike - Regionalni razvojni center Koper\",\"isPartOf\":{\"@id\":\"https:\\\/\\\/www.rrc-kp.si\\\/#website\"},\"primaryImageOfPage\":{\"@id\":\"https:\\\/\\\/www.rrc-kp.si\\\/it\\\/inter-bike-2\\\/#primaryimage\"},\"image\":{\"@id\":\"https:\\\/\\\/www.rrc-kp.si\\\/it\\\/inter-bike-2\\\/#primaryimage\"},\"thumbnailUrl\":\"https:\\\/\\\/www.rrc-kp.si\\\/wp-content\\\/uploads\\\/2013\\\/07\\\/logo_interbike.jpg\",\"datePublished\":\"2013-07-25T09:22:11+00:00\",\"dateModified\":\"2023-06-08T10:38:41+00:00\",\"breadcrumb\":{\"@id\":\"https:\\\/\\\/www.rrc-kp.si\\\/it\\\/inter-bike-2\\\/#breadcrumb\"},\"inLanguage\":\"it-IT\",\"potentialAction\":[{\"@type\":\"ReadAction\",\"target\":[\"https:\\\/\\\/www.rrc-kp.si\\\/it\\\/inter-bike-2\\\/\"]}]},{\"@type\":\"ImageObject\",\"inLanguage\":\"it-IT\",\"@id\":\"https:\\\/\\\/www.rrc-kp.si\\\/it\\\/inter-bike-2\\\/#primaryimage\",\"url\":\"https:\\\/\\\/www.rrc-kp.si\\\/wp-content\\\/uploads\\\/2013\\\/07\\\/logo_interbike.jpg\",\"contentUrl\":\"https:\\\/\\\/www.rrc-kp.si\\\/wp-content\\\/uploads\\\/2013\\\/07\\\/logo_interbike.jpg\",\"width\":253,\"height\":272},{\"@type\":\"BreadcrumbList\",\"@id\":\"https:\\\/\\\/www.rrc-kp.si\\\/it\\\/inter-bike-2\\\/#breadcrumb\",\"itemListElement\":[{\"@type\":\"ListItem\",\"position\":1,\"name\":\"Home\",\"item\":\"https:\\\/\\\/www.rrc-kp.si\\\/it\\\/\"},{\"@type\":\"ListItem\",\"position\":2,\"name\":\"Rete ciclistica intermodale transfrontaliera \u2013 Inter Bike\"}]},{\"@type\":\"WebSite\",\"@id\":\"https:\\\/\\\/www.rrc-kp.si\\\/#website\",\"url\":\"https:\\\/\\\/www.rrc-kp.si\\\/\",\"name\":\"Regionalni razvojni center Koper\",\"description\":\"RRC Koper\",\"publisher\":{\"@id\":\"https:\\\/\\\/www.rrc-kp.si\\\/#organization\"},\"potentialAction\":[{\"@type\":\"SearchAction\",\"target\":{\"@type\":\"EntryPoint\",\"urlTemplate\":\"https:\\\/\\\/www.rrc-kp.si\\\/?s={search_term_string}\"},\"query-input\":{\"@type\":\"PropertyValueSpecification\",\"valueRequired\":true,\"valueName\":\"search_term_string\"}}],\"inLanguage\":\"it-IT\"},{\"@type\":\"Organization\",\"@id\":\"https:\\\/\\\/www.rrc-kp.si\\\/#organization\",\"name\":\"Regionalni razvojni center Koper\",\"url\":\"https:\\\/\\\/www.rrc-kp.si\\\/\",\"logo\":{\"@type\":\"ImageObject\",\"inLanguage\":\"it-IT\",\"@id\":\"https:\\\/\\\/www.rrc-kp.si\\\/#\\\/schema\\\/logo\\\/image\\\/\",\"url\":\"https:\\\/\\\/www.rrc-kp.si\\\/wp-content\\\/uploads\\\/2021\\\/11\\\/LOGO-RRC-CEL-BEL-1-e1737099415271.png\",\"contentUrl\":\"https:\\\/\\\/www.rrc-kp.si\\\/wp-content\\\/uploads\\\/2021\\\/11\\\/LOGO-RRC-CEL-BEL-1-e1737099415271.png\",\"width\":2586,\"height\":2003,\"caption\":\"Regionalni razvojni center Koper\"},\"image\":{\"@id\":\"https:\\\/\\\/www.rrc-kp.si\\\/#\\\/schema\\\/logo\\\/image\\\/\"}},{\"@type\":\"Person\",\"@id\":\"https:\\\/\\\/www.rrc-kp.si\\\/#\\\/schema\\\/person\\\/949f010d651e78a1c45cfdc175d16605\",\"name\":\"benr\",\"sameAs\":[\"https:\\\/\\\/www.rrc-kp.si\"]}]}<\/script>\n<!-- \/ Yoast SEO plugin. -->","yoast_head_json":{"title":"Rete ciclistica intermodale transfrontaliera \u2013 Inter Bike - Regionalni razvojni center Koper","robots":{"index":"index","follow":"follow","max-snippet":"max-snippet:-1","max-image-preview":"max-image-preview:large","max-video-preview":"max-video-preview:-1"},"canonical":"https:\/\/www.rrc-kp.si\/it\/inter-bike-2\/","og_locale":"it_IT","og_type":"article","og_title":"Rete ciclistica intermodale transfrontaliera \u2013 Inter Bike - Regionalni razvojni center Koper","og_description":"\u00a0 \u00a0 \u00a0\u00a0 \u00a0 \u00a0 \u00a0 \u00a0 \u00a0\u00a0 Il progetto strategico sulla mobilit\u00e0 sostenibile del Programma per la cooperazione transfrontaliera Italia \u2013 Slovenia 2007 \u2013 2013 si \u00e8 concluso nel marzo 2015. Negli ultimi quattro anni i partner hanno realizzato o ristrutturato opere infrastrutturali a favore della ciclabilit\u00e0 nelle regioni di Gorenjska e Primorska sul [&hellip;]","og_url":"https:\/\/www.rrc-kp.si\/it\/inter-bike-2\/","og_site_name":"Regionalni razvojni center Koper","article_published_time":"2013-07-25T09:22:11+00:00","article_modified_time":"2023-06-08T10:38:41+00:00","og_image":[{"width":253,"height":272,"url":"https:\/\/www.rrc-kp.si\/wp-content\/uploads\/2013\/07\/logo_interbike.jpg","type":"image\/jpeg"}],"author":"benr","twitter_card":"summary_large_image","twitter_misc":{"Scritto da":"benr","Tempo di lettura stimato":"4 minuti"},"schema":{"@context":"https:\/\/schema.org","@graph":[{"@type":"Article","@id":"https:\/\/www.rrc-kp.si\/it\/inter-bike-2\/#article","isPartOf":{"@id":"https:\/\/www.rrc-kp.si\/it\/inter-bike-2\/"},"author":{"name":"benr","@id":"https:\/\/www.rrc-kp.si\/#\/schema\/person\/949f010d651e78a1c45cfdc175d16605"},"headline":"Rete ciclistica intermodale transfrontaliera \u2013 Inter Bike","datePublished":"2013-07-25T09:22:11+00:00","dateModified":"2023-06-08T10:38:41+00:00","mainEntityOfPage":{"@id":"https:\/\/www.rrc-kp.si\/it\/inter-bike-2\/"},"wordCount":445,"publisher":{"@id":"https:\/\/www.rrc-kp.si\/#organization"},"image":{"@id":"https:\/\/www.rrc-kp.si\/it\/inter-bike-2\/#primaryimage"},"thumbnailUrl":"https:\/\/www.rrc-kp.si\/wp-content\/uploads\/2013\/07\/logo_interbike.jpg","articleSection":["Finiti","Progetti"],"inLanguage":"it-IT"},{"@type":"WebPage","@id":"https:\/\/www.rrc-kp.si\/it\/inter-bike-2\/","url":"https:\/\/www.rrc-kp.si\/it\/inter-bike-2\/","name":"Rete ciclistica intermodale transfrontaliera \u2013 Inter Bike - Regionalni razvojni center Koper","isPartOf":{"@id":"https:\/\/www.rrc-kp.si\/#website"},"primaryImageOfPage":{"@id":"https:\/\/www.rrc-kp.si\/it\/inter-bike-2\/#primaryimage"},"image":{"@id":"https:\/\/www.rrc-kp.si\/it\/inter-bike-2\/#primaryimage"},"thumbnailUrl":"https:\/\/www.rrc-kp.si\/wp-content\/uploads\/2013\/07\/logo_interbike.jpg","datePublished":"2013-07-25T09:22:11+00:00","dateModified":"2023-06-08T10:38:41+00:00","breadcrumb":{"@id":"https:\/\/www.rrc-kp.si\/it\/inter-bike-2\/#breadcrumb"},"inLanguage":"it-IT","potentialAction":[{"@type":"ReadAction","target":["https:\/\/www.rrc-kp.si\/it\/inter-bike-2\/"]}]},{"@type":"ImageObject","inLanguage":"it-IT","@id":"https:\/\/www.rrc-kp.si\/it\/inter-bike-2\/#primaryimage","url":"https:\/\/www.rrc-kp.si\/wp-content\/uploads\/2013\/07\/logo_interbike.jpg","contentUrl":"https:\/\/www.rrc-kp.si\/wp-content\/uploads\/2013\/07\/logo_interbike.jpg","width":253,"height":272},{"@type":"BreadcrumbList","@id":"https:\/\/www.rrc-kp.si\/it\/inter-bike-2\/#breadcrumb","itemListElement":[{"@type":"ListItem","position":1,"name":"Home","item":"https:\/\/www.rrc-kp.si\/it\/"},{"@type":"ListItem","position":2,"name":"Rete ciclistica intermodale transfrontaliera \u2013 Inter Bike"}]},{"@type":"WebSite","@id":"https:\/\/www.rrc-kp.si\/#website","url":"https:\/\/www.rrc-kp.si\/","name":"Regionalni razvojni center Koper","description":"RRC Koper","publisher":{"@id":"https:\/\/www.rrc-kp.si\/#organization"},"potentialAction":[{"@type":"SearchAction","target":{"@type":"EntryPoint","urlTemplate":"https:\/\/www.rrc-kp.si\/?s={search_term_string}"},"query-input":{"@type":"PropertyValueSpecification","valueRequired":true,"valueName":"search_term_string"}}],"inLanguage":"it-IT"},{"@type":"Organization","@id":"https:\/\/www.rrc-kp.si\/#organization","name":"Regionalni razvojni center Koper","url":"https:\/\/www.rrc-kp.si\/","logo":{"@type":"ImageObject","inLanguage":"it-IT","@id":"https:\/\/www.rrc-kp.si\/#\/schema\/logo\/image\/","url":"https:\/\/www.rrc-kp.si\/wp-content\/uploads\/2021\/11\/LOGO-RRC-CEL-BEL-1-e1737099415271.png","contentUrl":"https:\/\/www.rrc-kp.si\/wp-content\/uploads\/2021\/11\/LOGO-RRC-CEL-BEL-1-e1737099415271.png","width":2586,"height":2003,"caption":"Regionalni razvojni center Koper"},"image":{"@id":"https:\/\/www.rrc-kp.si\/#\/schema\/logo\/image\/"}},{"@type":"Person","@id":"https:\/\/www.rrc-kp.si\/#\/schema\/person\/949f010d651e78a1c45cfdc175d16605","name":"benr","sameAs":["https:\/\/www.rrc-kp.si"]}]}},"_links":{"self":[{"href":"https:\/\/www.rrc-kp.si\/it\/wp-json\/wp\/v2\/posts\/7740","targetHints":{"allow":["GET"]}}],"collection":[{"href":"https:\/\/www.rrc-kp.si\/it\/wp-json\/wp\/v2\/posts"}],"about":[{"href":"https:\/\/www.rrc-kp.si\/it\/wp-json\/wp\/v2\/types\/post"}],"author":[{"embeddable":true,"href":"https:\/\/www.rrc-kp.si\/it\/wp-json\/wp\/v2\/users\/1"}],"replies":[{"embeddable":true,"href":"https:\/\/www.rrc-kp.si\/it\/wp-json\/wp\/v2\/comments?post=7740"}],"version-history":[{"count":4,"href":"https:\/\/www.rrc-kp.si\/it\/wp-json\/wp\/v2\/posts\/7740\/revisions"}],"predecessor-version":[{"id":10958,"href":"https:\/\/www.rrc-kp.si\/it\/wp-json\/wp\/v2\/posts\/7740\/revisions\/10958"}],"wp:featuredmedia":[{"embeddable":true,"href":"https:\/\/www.rrc-kp.si\/it\/wp-json\/wp\/v2\/media\/4151"}],"wp:attachment":[{"href":"https:\/\/www.rrc-kp.si\/it\/wp-json\/wp\/v2\/media?parent=7740"}],"wp:term":[{"taxonomy":"category","embeddable":true,"href":"https:\/\/www.rrc-kp.si\/it\/wp-json\/wp\/v2\/categories?post=7740"},{"taxonomy":"post_tag","embeddable":true,"href":"https:\/\/www.rrc-kp.si\/it\/wp-json\/wp\/v2\/tags?post=7740"}],"curies":[{"name":"wp","href":"https:\/\/api.w.org\/{rel}","templated":true}]}}