{"id":7744,"date":"2013-07-25T11:47:51","date_gmt":"2013-07-25T09:47:51","guid":{"rendered":"https:\/\/www.rrc-kp.si\/innocite-2\/"},"modified":"2022-06-14T15:29:56","modified_gmt":"2022-06-14T13:29:56","slug":"innocite-2","status":"publish","type":"post","link":"https:\/\/www.rrc-kp.si\/it\/innocite-2\/","title":{"rendered":"InnoCite"},"content":{"rendered":"<p><strong>Il progetto InnoCit\u00e9 \u00e8 finanziato nell&#8217;ambito del programma europeo INTERREG IV B \u2013 Spazio Alpino che promuove, tramite azioni di cooperazione transnazionale, l&#8217;integrazione territoriale e lo sviluppo policentrico equilibrato delle Alpi.<\/strong><\/p>\n<p>RRC Koper partecipa a progetti internazionali InnoCite, che \u00e8 \/ sar\u00e0 attuata tra il luglio 2008 e giugno 2011 nell&#8217;ambito del programma UE per la zona delle Alpi.<\/p>\n<p>L&#8217;obiettivo principale del progetto consiste nel promuovere le condizioni per uno sviluppo sostenibile delle citt\u00e0 di piccole e medie dimensioni, che gravitano attorno ai centri di maggiore dimensione dello Spazio Alpino. Tramite il progetto si intende migliorare la loro attrattivit\u00e0 e la qualit\u00e0 della vita, prendendo in considerazione tutte le funzioni fondamentali di carattere amministrativo, economico e sociale.<\/p>\n<p>Il progetto \u00e8 un&#8217;opportunit\u00e0 per la citt\u00e0 di Capodistria per supplementare il programma per aumentare la competitivit\u00e0 e migliorare la qualit\u00e0 della vita in citt\u00e0 con la partecipazione di attori chiave &#8211; i fornitori di servizi, Camera di Comercio, Comune citt\u00e0 di Capodistria, nonch\u00e9 l&#8217;opportunit\u00e0 di familiarizzare con gli attori locali la buona pratica di altri ambienti che promuovera le buone soluzioni di Capodistria in zona pi\u00f9 ampia. Alla fine del mese di marzo si terr\u00e0 a Capodistria l&#8217;incontro internazionale dei partner del progetto.<\/p>\n<p><strong>UE Programma Spazio Alpino<\/strong><\/p>\n<p>UE per il programma Spazio Alpino 2007-2013 rientra nel quadro della cooperazione territoriale Europea (Obiettivo 3 della politica regionale per il periodo 2007-2013). Insieme con altri 13 programmi che cercano la cooperazione transnazionale tra le regioni europee nel settore di rafforzare la competitivit\u00e0 e l&#8217;attrattivit\u00e0 in modo sostenibile. Il programma ha le seguenti priorit\u00e0: la competitivit\u00e0 e le attrattive, l&#8217;accessibilit\u00e0 e la connettivit\u00e0, l&#8217;ambiente e prevenzione dei rischi.<\/p>\n<p><strong>Risultati attesi<\/strong><\/p>\n<p>A livello internazionale, la partecipazione delle piccole e medie citt\u00e0 con il progetto acquisteranno:<\/p>\n<ul>\n<li>uno strumento per l&#8217;analisi dei principali fattori di successo e insuccesso;<\/li>\n<li>uno strumento per il confronto transnazionale &#8211; sulla base di indicatori di performance misurabili<\/li>\n<li>piano di uno strumento per lo sviluppo del commercio e dei servizi;<\/li>\n<li>uno strumento di supporto al processo decisionale per lo sviluppo delle PMI<\/li>\n<\/ul>\n<p>Strumenti di programmazione supportati e orientamenti metodologici saranno la base per una strategia comune di sviluppo territoriale, che mira a rafforzare i vantaggi competitivi delle piccole e medie citt\u00e0. Uno dei risultati importanti e anche rafforzare il partnerariato, che nel tempo permettera alle piccole e medie citt\u00e0 il sfondamento ad attirare gli investitori e la preparazione di strategie coerenti di sviluppo territoriale.<\/p>\n<p>Alla fine sar\u00e0 preparata una dichiarazione politica &#8211; &#8220;Charta&#8221;, che sar\u00e0 firmata dai rappresentanti dei partner partecipanti e sar\u00e0 un simbolo di impegno politico per l&#8217;esito del progetto, cos\u00ec come la base per la futura cooperazione.<\/p>\n<p><strong>Partners<\/strong><\/p>\n<ul>\n<li>Lead partner del progetto; Camera di commercio e Industria di Lione, il Dipartimento del commercio, dei servizi e del turismo.<\/li>\n<li>Altri partner ; Regione della Franca Contea e Municipalit\u00e0 di Lure (Alta Saona) \u2013 (Francia)<\/li>\n<li>Regione Lombardia &#8211; ( Italia)- DG per fiere e mercati<\/li>\n<li>Ministero Bavarese per l&#8217;Economia, le Infrastrutture, il Traffico e la Tecnologia (Germania)<\/li>\n<li>Bassa Austria,SIR- Istituto Salisburghese di Pianificazione Territoriale \u2013 (Austria)<\/li>\n<li>Agenzia regionale di sviluppo di Capo d&#8217;Istria &#8211; (Slovenia)<\/li>\n<\/ul>\n","protected":false},"excerpt":{"rendered":"<p>Il progetto InnoCit\u00e9 \u00e8 finanziato nell&#8217;ambito del programma europeo INTERREG IV B \u2013 Spazio Alpino che promuove, tramite azioni di cooperazione transnazionale, l&#8217;integrazione territoriale e lo sviluppo policentrico equilibrato delle Alpi. RRC Koper partecipa a progetti internazionali InnoCite, che \u00e8 \/ sar\u00e0 attuata tra il luglio 2008 e giugno 2011 nell&#8217;ambito del programma UE per [&hellip;]<\/p>\n","protected":false},"author":1,"featured_media":0,"comment_status":"closed","ping_status":"","sticky":false,"template":"","format":"standard","meta":{"_acf_changed":false,"footnotes":""},"categories":[110,106],"tags":[],"class_list":["post-7744","post","type-post","status-publish","format-standard","hentry","category-finiti","category-progetti"],"acf":[],"yoast_head":"<!-- This site is optimized with the Yoast SEO plugin v27.5 - https:\/\/yoast.com\/product\/yoast-seo-wordpress\/ -->\n<title>InnoCite - Regionalni razvojni center Koper<\/title>\n<meta name=\"robots\" content=\"index, follow, max-snippet:-1, max-image-preview:large, max-video-preview:-1\" \/>\n<link rel=\"canonical\" href=\"https:\/\/www.rrc-kp.si\/it\/innocite-2\/\" \/>\n<meta property=\"og:locale\" content=\"it_IT\" \/>\n<meta property=\"og:type\" content=\"article\" \/>\n<meta property=\"og:title\" content=\"InnoCite - Regionalni razvojni center Koper\" \/>\n<meta property=\"og:description\" content=\"Il progetto InnoCit\u00e9 \u00e8 finanziato nell&#8217;ambito del programma europeo INTERREG IV B \u2013 Spazio Alpino che promuove, tramite azioni di cooperazione transnazionale, l&#8217;integrazione territoriale e lo sviluppo policentrico equilibrato delle Alpi. RRC Koper partecipa a progetti internazionali InnoCite, che \u00e8 \/ sar\u00e0 attuata tra il luglio 2008 e giugno 2011 nell&#8217;ambito del programma UE per [&hellip;]\" \/>\n<meta property=\"og:url\" content=\"https:\/\/www.rrc-kp.si\/it\/innocite-2\/\" \/>\n<meta property=\"og:site_name\" content=\"Regionalni razvojni center Koper\" \/>\n<meta property=\"article:published_time\" content=\"2013-07-25T09:47:51+00:00\" \/>\n<meta property=\"article:modified_time\" content=\"2022-06-14T13:29:56+00:00\" \/>\n<meta name=\"author\" content=\"benr\" \/>\n<meta name=\"twitter:card\" content=\"summary_large_image\" \/>\n<meta name=\"twitter:label1\" content=\"Scritto da\" \/>\n\t<meta name=\"twitter:data1\" content=\"benr\" \/>\n\t<meta name=\"twitter:label2\" content=\"Tempo di lettura stimato\" \/>\n\t<meta name=\"twitter:data2\" content=\"2 minuti\" \/>\n<script type=\"application\/ld+json\" class=\"yoast-schema-graph\">{\"@context\":\"https:\\\/\\\/schema.org\",\"@graph\":[{\"@type\":\"Article\",\"@id\":\"https:\\\/\\\/www.rrc-kp.si\\\/it\\\/innocite-2\\\/#article\",\"isPartOf\":{\"@id\":\"https:\\\/\\\/www.rrc-kp.si\\\/it\\\/innocite-2\\\/\"},\"author\":{\"name\":\"benr\",\"@id\":\"https:\\\/\\\/www.rrc-kp.si\\\/#\\\/schema\\\/person\\\/949f010d651e78a1c45cfdc175d16605\"},\"headline\":\"InnoCite\",\"datePublished\":\"2013-07-25T09:47:51+00:00\",\"dateModified\":\"2022-06-14T13:29:56+00:00\",\"mainEntityOfPage\":{\"@id\":\"https:\\\/\\\/www.rrc-kp.si\\\/it\\\/innocite-2\\\/\"},\"wordCount\":516,\"publisher\":{\"@id\":\"https:\\\/\\\/www.rrc-kp.si\\\/#organization\"},\"articleSection\":[\"Finiti\",\"Progetti\"],\"inLanguage\":\"it-IT\"},{\"@type\":\"WebPage\",\"@id\":\"https:\\\/\\\/www.rrc-kp.si\\\/it\\\/innocite-2\\\/\",\"url\":\"https:\\\/\\\/www.rrc-kp.si\\\/it\\\/innocite-2\\\/\",\"name\":\"InnoCite - Regionalni razvojni center Koper\",\"isPartOf\":{\"@id\":\"https:\\\/\\\/www.rrc-kp.si\\\/#website\"},\"datePublished\":\"2013-07-25T09:47:51+00:00\",\"dateModified\":\"2022-06-14T13:29:56+00:00\",\"breadcrumb\":{\"@id\":\"https:\\\/\\\/www.rrc-kp.si\\\/it\\\/innocite-2\\\/#breadcrumb\"},\"inLanguage\":\"it-IT\",\"potentialAction\":[{\"@type\":\"ReadAction\",\"target\":[\"https:\\\/\\\/www.rrc-kp.si\\\/it\\\/innocite-2\\\/\"]}]},{\"@type\":\"BreadcrumbList\",\"@id\":\"https:\\\/\\\/www.rrc-kp.si\\\/it\\\/innocite-2\\\/#breadcrumb\",\"itemListElement\":[{\"@type\":\"ListItem\",\"position\":1,\"name\":\"Home\",\"item\":\"https:\\\/\\\/www.rrc-kp.si\\\/it\\\/\"},{\"@type\":\"ListItem\",\"position\":2,\"name\":\"InnoCite\"}]},{\"@type\":\"WebSite\",\"@id\":\"https:\\\/\\\/www.rrc-kp.si\\\/#website\",\"url\":\"https:\\\/\\\/www.rrc-kp.si\\\/\",\"name\":\"Regionalni razvojni center Koper\",\"description\":\"RRC Koper\",\"publisher\":{\"@id\":\"https:\\\/\\\/www.rrc-kp.si\\\/#organization\"},\"potentialAction\":[{\"@type\":\"SearchAction\",\"target\":{\"@type\":\"EntryPoint\",\"urlTemplate\":\"https:\\\/\\\/www.rrc-kp.si\\\/?s={search_term_string}\"},\"query-input\":{\"@type\":\"PropertyValueSpecification\",\"valueRequired\":true,\"valueName\":\"search_term_string\"}}],\"inLanguage\":\"it-IT\"},{\"@type\":\"Organization\",\"@id\":\"https:\\\/\\\/www.rrc-kp.si\\\/#organization\",\"name\":\"Regionalni razvojni center Koper\",\"url\":\"https:\\\/\\\/www.rrc-kp.si\\\/\",\"logo\":{\"@type\":\"ImageObject\",\"inLanguage\":\"it-IT\",\"@id\":\"https:\\\/\\\/www.rrc-kp.si\\\/#\\\/schema\\\/logo\\\/image\\\/\",\"url\":\"https:\\\/\\\/www.rrc-kp.si\\\/wp-content\\\/uploads\\\/2021\\\/11\\\/LOGO-RRC-CEL-BEL-1-e1737099415271.png\",\"contentUrl\":\"https:\\\/\\\/www.rrc-kp.si\\\/wp-content\\\/uploads\\\/2021\\\/11\\\/LOGO-RRC-CEL-BEL-1-e1737099415271.png\",\"width\":2586,\"height\":2003,\"caption\":\"Regionalni razvojni center Koper\"},\"image\":{\"@id\":\"https:\\\/\\\/www.rrc-kp.si\\\/#\\\/schema\\\/logo\\\/image\\\/\"}},{\"@type\":\"Person\",\"@id\":\"https:\\\/\\\/www.rrc-kp.si\\\/#\\\/schema\\\/person\\\/949f010d651e78a1c45cfdc175d16605\",\"name\":\"benr\",\"sameAs\":[\"https:\\\/\\\/www.rrc-kp.si\"]}]}<\/script>\n<!-- \/ Yoast SEO plugin. -->","yoast_head_json":{"title":"InnoCite - Regionalni razvojni center Koper","robots":{"index":"index","follow":"follow","max-snippet":"max-snippet:-1","max-image-preview":"max-image-preview:large","max-video-preview":"max-video-preview:-1"},"canonical":"https:\/\/www.rrc-kp.si\/it\/innocite-2\/","og_locale":"it_IT","og_type":"article","og_title":"InnoCite - Regionalni razvojni center Koper","og_description":"Il progetto InnoCit\u00e9 \u00e8 finanziato nell&#8217;ambito del programma europeo INTERREG IV B \u2013 Spazio Alpino che promuove, tramite azioni di cooperazione transnazionale, l&#8217;integrazione territoriale e lo sviluppo policentrico equilibrato delle Alpi. RRC Koper partecipa a progetti internazionali InnoCite, che \u00e8 \/ sar\u00e0 attuata tra il luglio 2008 e giugno 2011 nell&#8217;ambito del programma UE per [&hellip;]","og_url":"https:\/\/www.rrc-kp.si\/it\/innocite-2\/","og_site_name":"Regionalni razvojni center Koper","article_published_time":"2013-07-25T09:47:51+00:00","article_modified_time":"2022-06-14T13:29:56+00:00","author":"benr","twitter_card":"summary_large_image","twitter_misc":{"Scritto da":"benr","Tempo di lettura stimato":"2 minuti"},"schema":{"@context":"https:\/\/schema.org","@graph":[{"@type":"Article","@id":"https:\/\/www.rrc-kp.si\/it\/innocite-2\/#article","isPartOf":{"@id":"https:\/\/www.rrc-kp.si\/it\/innocite-2\/"},"author":{"name":"benr","@id":"https:\/\/www.rrc-kp.si\/#\/schema\/person\/949f010d651e78a1c45cfdc175d16605"},"headline":"InnoCite","datePublished":"2013-07-25T09:47:51+00:00","dateModified":"2022-06-14T13:29:56+00:00","mainEntityOfPage":{"@id":"https:\/\/www.rrc-kp.si\/it\/innocite-2\/"},"wordCount":516,"publisher":{"@id":"https:\/\/www.rrc-kp.si\/#organization"},"articleSection":["Finiti","Progetti"],"inLanguage":"it-IT"},{"@type":"WebPage","@id":"https:\/\/www.rrc-kp.si\/it\/innocite-2\/","url":"https:\/\/www.rrc-kp.si\/it\/innocite-2\/","name":"InnoCite - Regionalni razvojni center Koper","isPartOf":{"@id":"https:\/\/www.rrc-kp.si\/#website"},"datePublished":"2013-07-25T09:47:51+00:00","dateModified":"2022-06-14T13:29:56+00:00","breadcrumb":{"@id":"https:\/\/www.rrc-kp.si\/it\/innocite-2\/#breadcrumb"},"inLanguage":"it-IT","potentialAction":[{"@type":"ReadAction","target":["https:\/\/www.rrc-kp.si\/it\/innocite-2\/"]}]},{"@type":"BreadcrumbList","@id":"https:\/\/www.rrc-kp.si\/it\/innocite-2\/#breadcrumb","itemListElement":[{"@type":"ListItem","position":1,"name":"Home","item":"https:\/\/www.rrc-kp.si\/it\/"},{"@type":"ListItem","position":2,"name":"InnoCite"}]},{"@type":"WebSite","@id":"https:\/\/www.rrc-kp.si\/#website","url":"https:\/\/www.rrc-kp.si\/","name":"Regionalni razvojni center Koper","description":"RRC Koper","publisher":{"@id":"https:\/\/www.rrc-kp.si\/#organization"},"potentialAction":[{"@type":"SearchAction","target":{"@type":"EntryPoint","urlTemplate":"https:\/\/www.rrc-kp.si\/?s={search_term_string}"},"query-input":{"@type":"PropertyValueSpecification","valueRequired":true,"valueName":"search_term_string"}}],"inLanguage":"it-IT"},{"@type":"Organization","@id":"https:\/\/www.rrc-kp.si\/#organization","name":"Regionalni razvojni center Koper","url":"https:\/\/www.rrc-kp.si\/","logo":{"@type":"ImageObject","inLanguage":"it-IT","@id":"https:\/\/www.rrc-kp.si\/#\/schema\/logo\/image\/","url":"https:\/\/www.rrc-kp.si\/wp-content\/uploads\/2021\/11\/LOGO-RRC-CEL-BEL-1-e1737099415271.png","contentUrl":"https:\/\/www.rrc-kp.si\/wp-content\/uploads\/2021\/11\/LOGO-RRC-CEL-BEL-1-e1737099415271.png","width":2586,"height":2003,"caption":"Regionalni razvojni center Koper"},"image":{"@id":"https:\/\/www.rrc-kp.si\/#\/schema\/logo\/image\/"}},{"@type":"Person","@id":"https:\/\/www.rrc-kp.si\/#\/schema\/person\/949f010d651e78a1c45cfdc175d16605","name":"benr","sameAs":["https:\/\/www.rrc-kp.si"]}]}},"_links":{"self":[{"href":"https:\/\/www.rrc-kp.si\/it\/wp-json\/wp\/v2\/posts\/7744","targetHints":{"allow":["GET"]}}],"collection":[{"href":"https:\/\/www.rrc-kp.si\/it\/wp-json\/wp\/v2\/posts"}],"about":[{"href":"https:\/\/www.rrc-kp.si\/it\/wp-json\/wp\/v2\/types\/post"}],"author":[{"embeddable":true,"href":"https:\/\/www.rrc-kp.si\/it\/wp-json\/wp\/v2\/users\/1"}],"replies":[{"embeddable":true,"href":"https:\/\/www.rrc-kp.si\/it\/wp-json\/wp\/v2\/comments?post=7744"}],"version-history":[{"count":1,"href":"https:\/\/www.rrc-kp.si\/it\/wp-json\/wp\/v2\/posts\/7744\/revisions"}],"predecessor-version":[{"id":9583,"href":"https:\/\/www.rrc-kp.si\/it\/wp-json\/wp\/v2\/posts\/7744\/revisions\/9583"}],"wp:attachment":[{"href":"https:\/\/www.rrc-kp.si\/it\/wp-json\/wp\/v2\/media?parent=7744"}],"wp:term":[{"taxonomy":"category","embeddable":true,"href":"https:\/\/www.rrc-kp.si\/it\/wp-json\/wp\/v2\/categories?post=7744"},{"taxonomy":"post_tag","embeddable":true,"href":"https:\/\/www.rrc-kp.si\/it\/wp-json\/wp\/v2\/tags?post=7744"}],"curies":[{"name":"wp","href":"https:\/\/api.w.org\/{rel}","templated":true}]}}