{"id":7756,"date":"2013-07-25T12:27:04","date_gmt":"2013-07-25T10:27:04","guid":{"rendered":"https:\/\/www.rrc-kp.si\/embrace-ii-2\/"},"modified":"2022-06-14T15:29:56","modified_gmt":"2022-06-14T13:29:56","slug":"embrace-ii-2","status":"publish","type":"post","link":"https:\/\/www.rrc-kp.si\/it\/embrace-ii-2\/","title":{"rendered":"EMBRACE II"},"content":{"rendered":"<p><strong>EMBRACE II<\/strong><\/p>\n<p><strong>Promozione dello sviluppo socioeconomico nelle zone svantaggiose attraverso la societ\u00e0 di conoscenza &amp; delle informazioni (Embracing SocioEconomic Development in Disadvantageous Areas through the Information and Knowledge Society)<\/strong><\/p>\n<p>Il progetto EMBRACE II \u00e9 un progetto con il quale nel novembre 2005 il proponente greco TREK Consulting S.A., ha partecipato al bando UE INTERREG IIIB CADSES (4thcall). Insieme al partner proponente partecipano altri dieci partner progettuali da differenti paesi (Grecia, Italia, Slovenia, Slovacchia, Reppublica Cieca, Bulgaria, Serbia, Montenegro, Albania), tra i quali la Slovenia viene rappresentata dal Centro regionale di sviluppo Capodistria. Le attivit\u00e0 progettuali del progetto EMBRACE II, che peraltro \u00e9 la continuazione dell&#8217;omonimo progetto conclusosi con successo, verranno eseguiti dai singoli partner dal giugno 2006 fino al febbraio 2008.<\/p>\n<p>Il progetto richiama l&#8217;attenzione sulla problematica delle piccole e medie imprese (PMI) che sono collocate nelle zone rurali e nelle aree arretrate delle citt\u00e0, per cui il loro accesso a delle adeguati fonti d&#8217;informazione e del sapere (cio\u00e8 alla Camera di commercio, alle associazioni di PMI, alle agenzie di sviluppo locali\/regionali etc.) \u00e8 limitato. Lo scopo principale del progetto \u00e8 quindi di formare ovvero completare ed implementare le pianificazioni del territorio permanenti e gli interventi specifici con i quali i singoli partner progettuali ci adopereremo per aumentare la sensibilizzazione delle imprese locali, piccole e medie. Queste ultime verranno informate attraverso varie attivit\u00e0 progettuali (allargamento orizzontale e verticale della rete embrace) con i vantaggi e le funzionalit\u00e0 che portano le ICT. Oltre a questo, lo scopo del progetto \u00e8 quello di identificare e di misurare gli effetti delle ICT sullo sviluppo locale, economico e sociale \u2013 ad es. la misurazione dei servizi delle PMI, l&#8217;aumento della loro competitivit\u00e0, della loro riconoscibilit\u00e0 in termini internazionali\/globali, l&#8217;apertura di nuovi posti di lavoro, il miglioramento dello standard di vita etc.<\/p>\n","protected":false},"excerpt":{"rendered":"<p>EMBRACE II Promozione dello sviluppo socioeconomico nelle zone svantaggiose attraverso la societ\u00e0 di conoscenza &amp; delle informazioni (Embracing SocioEconomic Development in Disadvantageous Areas through the Information and Knowledge Society) Il progetto EMBRACE II \u00e9 un progetto con il quale nel novembre 2005 il proponente greco TREK Consulting S.A., ha partecipato al bando UE INTERREG IIIB [&hellip;]<\/p>\n","protected":false},"author":1,"featured_media":0,"comment_status":"closed","ping_status":"","sticky":false,"template":"","format":"standard","meta":{"_acf_changed":false,"footnotes":""},"categories":[110,106],"tags":[],"class_list":["post-7756","post","type-post","status-publish","format-standard","hentry","category-finiti","category-progetti"],"acf":[],"yoast_head":"<!-- This site is optimized with the Yoast SEO plugin v26.5 - https:\/\/yoast.com\/wordpress\/plugins\/seo\/ -->\n<title>EMBRACE II - Regionalni razvojni center Koper<\/title>\n<meta name=\"robots\" content=\"index, follow, max-snippet:-1, max-image-preview:large, max-video-preview:-1\" \/>\n<link rel=\"canonical\" href=\"https:\/\/www.rrc-kp.si\/it\/embrace-ii-2\/\" \/>\n<meta property=\"og:locale\" content=\"it_IT\" \/>\n<meta property=\"og:type\" content=\"article\" \/>\n<meta property=\"og:title\" content=\"EMBRACE II - Regionalni razvojni center Koper\" \/>\n<meta property=\"og:description\" content=\"EMBRACE II Promozione dello sviluppo socioeconomico nelle zone svantaggiose attraverso la societ\u00e0 di conoscenza &amp; delle informazioni (Embracing SocioEconomic Development in Disadvantageous Areas through the Information and Knowledge Society) Il progetto EMBRACE II \u00e9 un progetto con il quale nel novembre 2005 il proponente greco TREK Consulting S.A., ha partecipato al bando UE INTERREG IIIB [&hellip;]\" \/>\n<meta property=\"og:url\" content=\"https:\/\/www.rrc-kp.si\/it\/embrace-ii-2\/\" \/>\n<meta property=\"og:site_name\" content=\"Regionalni razvojni center Koper\" \/>\n<meta property=\"article:published_time\" content=\"2013-07-25T10:27:04+00:00\" \/>\n<meta property=\"article:modified_time\" content=\"2022-06-14T13:29:56+00:00\" \/>\n<meta name=\"author\" content=\"benr\" \/>\n<meta name=\"twitter:card\" content=\"summary_large_image\" \/>\n<meta name=\"twitter:label1\" content=\"Scritto da\" \/>\n\t<meta name=\"twitter:data1\" content=\"benr\" \/>\n\t<meta name=\"twitter:label2\" content=\"Tempo di lettura stimato\" \/>\n\t<meta name=\"twitter:data2\" content=\"1 minuto\" \/>\n<script type=\"application\/ld+json\" class=\"yoast-schema-graph\">{\"@context\":\"https:\/\/schema.org\",\"@graph\":[{\"@type\":\"Article\",\"@id\":\"https:\/\/www.rrc-kp.si\/it\/embrace-ii-2\/#article\",\"isPartOf\":{\"@id\":\"https:\/\/www.rrc-kp.si\/it\/embrace-ii-2\/\"},\"author\":{\"name\":\"benr\",\"@id\":\"https:\/\/www.rrc-kp.si\/#\/schema\/person\/949f010d651e78a1c45cfdc175d16605\"},\"headline\":\"EMBRACE II\",\"datePublished\":\"2013-07-25T10:27:04+00:00\",\"dateModified\":\"2022-06-14T13:29:56+00:00\",\"mainEntityOfPage\":{\"@id\":\"https:\/\/www.rrc-kp.si\/it\/embrace-ii-2\/\"},\"wordCount\":298,\"publisher\":{\"@id\":\"https:\/\/www.rrc-kp.si\/#organization\"},\"articleSection\":[\"Finiti\",\"Progetti\"],\"inLanguage\":\"it-IT\"},{\"@type\":\"WebPage\",\"@id\":\"https:\/\/www.rrc-kp.si\/it\/embrace-ii-2\/\",\"url\":\"https:\/\/www.rrc-kp.si\/it\/embrace-ii-2\/\",\"name\":\"EMBRACE II - Regionalni razvojni center Koper\",\"isPartOf\":{\"@id\":\"https:\/\/www.rrc-kp.si\/#website\"},\"datePublished\":\"2013-07-25T10:27:04+00:00\",\"dateModified\":\"2022-06-14T13:29:56+00:00\",\"breadcrumb\":{\"@id\":\"https:\/\/www.rrc-kp.si\/it\/embrace-ii-2\/#breadcrumb\"},\"inLanguage\":\"it-IT\",\"potentialAction\":[{\"@type\":\"ReadAction\",\"target\":[\"https:\/\/www.rrc-kp.si\/it\/embrace-ii-2\/\"]}]},{\"@type\":\"BreadcrumbList\",\"@id\":\"https:\/\/www.rrc-kp.si\/it\/embrace-ii-2\/#breadcrumb\",\"itemListElement\":[{\"@type\":\"ListItem\",\"position\":1,\"name\":\"Home\",\"item\":\"https:\/\/www.rrc-kp.si\/it\/\"},{\"@type\":\"ListItem\",\"position\":2,\"name\":\"EMBRACE II\"}]},{\"@type\":\"WebSite\",\"@id\":\"https:\/\/www.rrc-kp.si\/#website\",\"url\":\"https:\/\/www.rrc-kp.si\/\",\"name\":\"Regionalni razvojni center Koper\",\"description\":\"RRC Koper\",\"publisher\":{\"@id\":\"https:\/\/www.rrc-kp.si\/#organization\"},\"potentialAction\":[{\"@type\":\"SearchAction\",\"target\":{\"@type\":\"EntryPoint\",\"urlTemplate\":\"https:\/\/www.rrc-kp.si\/?s={search_term_string}\"},\"query-input\":{\"@type\":\"PropertyValueSpecification\",\"valueRequired\":true,\"valueName\":\"search_term_string\"}}],\"inLanguage\":\"it-IT\"},{\"@type\":\"Organization\",\"@id\":\"https:\/\/www.rrc-kp.si\/#organization\",\"name\":\"Regionalni razvojni center Koper\",\"url\":\"https:\/\/www.rrc-kp.si\/\",\"logo\":{\"@type\":\"ImageObject\",\"inLanguage\":\"it-IT\",\"@id\":\"https:\/\/www.rrc-kp.si\/#\/schema\/logo\/image\/\",\"url\":\"https:\/\/www.rrc-kp.si\/wp-content\/uploads\/2021\/11\/LOGO-RRC-CEL-BEL-1-e1737099415271.png\",\"contentUrl\":\"https:\/\/www.rrc-kp.si\/wp-content\/uploads\/2021\/11\/LOGO-RRC-CEL-BEL-1-e1737099415271.png\",\"width\":2586,\"height\":2003,\"caption\":\"Regionalni razvojni center Koper\"},\"image\":{\"@id\":\"https:\/\/www.rrc-kp.si\/#\/schema\/logo\/image\/\"}},{\"@type\":\"Person\",\"@id\":\"https:\/\/www.rrc-kp.si\/#\/schema\/person\/949f010d651e78a1c45cfdc175d16605\",\"name\":\"benr\",\"sameAs\":[\"https:\/\/www.rrc-kp.si\"]}]}<\/script>\n<!-- \/ Yoast SEO plugin. -->","yoast_head_json":{"title":"EMBRACE II - Regionalni razvojni center Koper","robots":{"index":"index","follow":"follow","max-snippet":"max-snippet:-1","max-image-preview":"max-image-preview:large","max-video-preview":"max-video-preview:-1"},"canonical":"https:\/\/www.rrc-kp.si\/it\/embrace-ii-2\/","og_locale":"it_IT","og_type":"article","og_title":"EMBRACE II - Regionalni razvojni center Koper","og_description":"EMBRACE II Promozione dello sviluppo socioeconomico nelle zone svantaggiose attraverso la societ\u00e0 di conoscenza &amp; delle informazioni (Embracing SocioEconomic Development in Disadvantageous Areas through the Information and Knowledge Society) Il progetto EMBRACE II \u00e9 un progetto con il quale nel novembre 2005 il proponente greco TREK Consulting S.A., ha partecipato al bando UE INTERREG IIIB [&hellip;]","og_url":"https:\/\/www.rrc-kp.si\/it\/embrace-ii-2\/","og_site_name":"Regionalni razvojni center Koper","article_published_time":"2013-07-25T10:27:04+00:00","article_modified_time":"2022-06-14T13:29:56+00:00","author":"benr","twitter_card":"summary_large_image","twitter_misc":{"Scritto da":"benr","Tempo di lettura stimato":"1 minuto"},"schema":{"@context":"https:\/\/schema.org","@graph":[{"@type":"Article","@id":"https:\/\/www.rrc-kp.si\/it\/embrace-ii-2\/#article","isPartOf":{"@id":"https:\/\/www.rrc-kp.si\/it\/embrace-ii-2\/"},"author":{"name":"benr","@id":"https:\/\/www.rrc-kp.si\/#\/schema\/person\/949f010d651e78a1c45cfdc175d16605"},"headline":"EMBRACE II","datePublished":"2013-07-25T10:27:04+00:00","dateModified":"2022-06-14T13:29:56+00:00","mainEntityOfPage":{"@id":"https:\/\/www.rrc-kp.si\/it\/embrace-ii-2\/"},"wordCount":298,"publisher":{"@id":"https:\/\/www.rrc-kp.si\/#organization"},"articleSection":["Finiti","Progetti"],"inLanguage":"it-IT"},{"@type":"WebPage","@id":"https:\/\/www.rrc-kp.si\/it\/embrace-ii-2\/","url":"https:\/\/www.rrc-kp.si\/it\/embrace-ii-2\/","name":"EMBRACE II - Regionalni razvojni center Koper","isPartOf":{"@id":"https:\/\/www.rrc-kp.si\/#website"},"datePublished":"2013-07-25T10:27:04+00:00","dateModified":"2022-06-14T13:29:56+00:00","breadcrumb":{"@id":"https:\/\/www.rrc-kp.si\/it\/embrace-ii-2\/#breadcrumb"},"inLanguage":"it-IT","potentialAction":[{"@type":"ReadAction","target":["https:\/\/www.rrc-kp.si\/it\/embrace-ii-2\/"]}]},{"@type":"BreadcrumbList","@id":"https:\/\/www.rrc-kp.si\/it\/embrace-ii-2\/#breadcrumb","itemListElement":[{"@type":"ListItem","position":1,"name":"Home","item":"https:\/\/www.rrc-kp.si\/it\/"},{"@type":"ListItem","position":2,"name":"EMBRACE II"}]},{"@type":"WebSite","@id":"https:\/\/www.rrc-kp.si\/#website","url":"https:\/\/www.rrc-kp.si\/","name":"Regionalni razvojni center Koper","description":"RRC Koper","publisher":{"@id":"https:\/\/www.rrc-kp.si\/#organization"},"potentialAction":[{"@type":"SearchAction","target":{"@type":"EntryPoint","urlTemplate":"https:\/\/www.rrc-kp.si\/?s={search_term_string}"},"query-input":{"@type":"PropertyValueSpecification","valueRequired":true,"valueName":"search_term_string"}}],"inLanguage":"it-IT"},{"@type":"Organization","@id":"https:\/\/www.rrc-kp.si\/#organization","name":"Regionalni razvojni center Koper","url":"https:\/\/www.rrc-kp.si\/","logo":{"@type":"ImageObject","inLanguage":"it-IT","@id":"https:\/\/www.rrc-kp.si\/#\/schema\/logo\/image\/","url":"https:\/\/www.rrc-kp.si\/wp-content\/uploads\/2021\/11\/LOGO-RRC-CEL-BEL-1-e1737099415271.png","contentUrl":"https:\/\/www.rrc-kp.si\/wp-content\/uploads\/2021\/11\/LOGO-RRC-CEL-BEL-1-e1737099415271.png","width":2586,"height":2003,"caption":"Regionalni razvojni center Koper"},"image":{"@id":"https:\/\/www.rrc-kp.si\/#\/schema\/logo\/image\/"}},{"@type":"Person","@id":"https:\/\/www.rrc-kp.si\/#\/schema\/person\/949f010d651e78a1c45cfdc175d16605","name":"benr","sameAs":["https:\/\/www.rrc-kp.si"]}]}},"_links":{"self":[{"href":"https:\/\/www.rrc-kp.si\/it\/wp-json\/wp\/v2\/posts\/7756","targetHints":{"allow":["GET"]}}],"collection":[{"href":"https:\/\/www.rrc-kp.si\/it\/wp-json\/wp\/v2\/posts"}],"about":[{"href":"https:\/\/www.rrc-kp.si\/it\/wp-json\/wp\/v2\/types\/post"}],"author":[{"embeddable":true,"href":"https:\/\/www.rrc-kp.si\/it\/wp-json\/wp\/v2\/users\/1"}],"replies":[{"embeddable":true,"href":"https:\/\/www.rrc-kp.si\/it\/wp-json\/wp\/v2\/comments?post=7756"}],"version-history":[{"count":1,"href":"https:\/\/www.rrc-kp.si\/it\/wp-json\/wp\/v2\/posts\/7756\/revisions"}],"predecessor-version":[{"id":9577,"href":"https:\/\/www.rrc-kp.si\/it\/wp-json\/wp\/v2\/posts\/7756\/revisions\/9577"}],"wp:attachment":[{"href":"https:\/\/www.rrc-kp.si\/it\/wp-json\/wp\/v2\/media?parent=7756"}],"wp:term":[{"taxonomy":"category","embeddable":true,"href":"https:\/\/www.rrc-kp.si\/it\/wp-json\/wp\/v2\/categories?post=7756"},{"taxonomy":"post_tag","embeddable":true,"href":"https:\/\/www.rrc-kp.si\/it\/wp-json\/wp\/v2\/tags?post=7756"}],"curies":[{"name":"wp","href":"https:\/\/api.w.org\/{rel}","templated":true}]}}