{"id":7772,"date":"2013-07-25T12:48:12","date_gmt":"2013-07-25T10:48:12","guid":{"rendered":"https:\/\/www.rrc-kp.si\/risorse-umane-adeguate\/"},"modified":"2022-06-14T15:29:55","modified_gmt":"2022-06-14T13:29:55","slug":"risorse-umane-adeguate","status":"publish","type":"post","link":"https:\/\/www.rrc-kp.si\/it\/risorse-umane-adeguate\/","title":{"rendered":"RISORSE UMANE ADEGUATE"},"content":{"rendered":"<p><strong>Risorse umane adeguate &#8211; la strada verso una regione innovativa<\/strong><\/p>\n<p><strong>La base del progetto<\/strong><\/p>\n<p>L&#8217;analisi del mercato del lavoro ha rivelato che nella regione il tasso di disoccupazione \u00e8 sotto la media rispetto alle altre regioni slovene, ma sotto la media \u00e8 anche la struttura dell&#8217;istruzione degli abitanti. Sul mercato del lavoro c&#8217;\u00e8 discordanza strutturale, il che vuol dire formazioni inopportune dei cercatori di lavoro rispetto alle esigenze dei datori di lavoro. Tra i disoccupati spiccano quelli altamente qualificati. Dall&#8217;altra parte invece c&#8217;\u00e8 una mancanza di posti di lavoro per giovani istruiti che molte volte decidono di trasferirsi in altre regioni o all&#8217;estero.<\/p>\n<p>Nella regione sta aumentando l&#8217;offerta dei programmi di formazione professionale aggiuntiva, quella dei programmi di formazione media \u00e8 relativamente ampia. C&#8217;\u00e8 per\u00f2 una mancanza di programmi di alta formazione tecnica.<\/p>\n<p>Tra le istituzioni di sostegno del territorio e il settore dell&#8217;economia non ci sono abbastanza legami. Le conseguenze si mostrano nell&#8217;adeguamento insufficente dei programmi scolastici alle necessit\u00e0 dell&#8217;economia e nella mancanza di programmi professionali aggiuntivi che sarebbero in gran parte adeguati alle neccessit\u00e0 economiche.<\/p>\n<p><strong>Lo scopo del progetto<\/strong><\/p>\n<p>Lo scopo del progetto \u00e8 di identificare sia le risorse umane nella regione che i fornitori dei programmi formativi e della ricerca nei settori tecnologici prioritari. Lo scopo \u00e8 anche di constatare quali sono i bisogni delle imprese in termini di personale di sviluppo e di ricerca e delle conoscenze neccessarie per lo sviluppo di nuovi prodotti e servizi. Questa sar\u00e0 la base per lo sviluppo di nuove possibilit\u00e0 di impiego con la creazione di posti di lavoro pi\u00f9 impegnativi nelle zone commerciali innovative, e il tutto contribuir\u00e0 a valorizzare maggiormente gli impiegati nella regione.<\/p>\n<p>Con il concorso del progetto al bando \u00bbProject Preparation Facility II Grant Scheme\u00ab (programma Phare, area di coesione economica e sociale) desideriamo ottenere i mezzi per poter realizzazione questo progetto e gli obiettivi che ci siamo prefissati nella strattegia di sviluppo del sistema innovativo regionale.<\/p>\n<p><strong>Risultati attesi<\/strong><\/p>\n<p>Con il progetto desideriamo constatare quante risorse umane siano disponibili nella regione per il sostegno all&#8217;innovazione, di quali conoscenze dispongono, quali programmi di ricerca e di istruzione esistono rispetto alle esigenze aziendali, quali sono le neccessit\u00e0 delle aziende in termini di personale di sviluppo e di ricerca e di quali conoscenze neccessitano le aziende per lo sviluppo di nuovi prodotti e servizi.<\/p>\n","protected":false},"excerpt":{"rendered":"<p>Risorse umane adeguate &#8211; la strada verso una regione innovativa La base del progetto L&#8217;analisi del mercato del lavoro ha rivelato che nella regione il tasso di disoccupazione \u00e8 sotto la media rispetto alle altre regioni slovene, ma sotto la media \u00e8 anche la struttura dell&#8217;istruzione degli abitanti. Sul mercato del lavoro c&#8217;\u00e8 discordanza strutturale, [&hellip;]<\/p>\n","protected":false},"author":1,"featured_media":0,"comment_status":"closed","ping_status":"","sticky":false,"template":"","format":"standard","meta":{"_acf_changed":false,"footnotes":""},"categories":[110,106],"tags":[],"class_list":["post-7772","post","type-post","status-publish","format-standard","hentry","category-finiti","category-progetti"],"acf":[],"yoast_head":"<!-- This site is optimized with the Yoast SEO plugin v26.5 - https:\/\/yoast.com\/wordpress\/plugins\/seo\/ -->\n<title>RISORSE UMANE ADEGUATE - Regionalni razvojni center Koper<\/title>\n<meta name=\"robots\" content=\"index, follow, max-snippet:-1, max-image-preview:large, max-video-preview:-1\" \/>\n<link rel=\"canonical\" href=\"https:\/\/www.rrc-kp.si\/it\/risorse-umane-adeguate\/\" \/>\n<meta property=\"og:locale\" content=\"it_IT\" \/>\n<meta property=\"og:type\" content=\"article\" \/>\n<meta property=\"og:title\" content=\"RISORSE UMANE ADEGUATE - Regionalni razvojni center Koper\" \/>\n<meta property=\"og:description\" content=\"Risorse umane adeguate &#8211; la strada verso una regione innovativa La base del progetto L&#8217;analisi del mercato del lavoro ha rivelato che nella regione il tasso di disoccupazione \u00e8 sotto la media rispetto alle altre regioni slovene, ma sotto la media \u00e8 anche la struttura dell&#8217;istruzione degli abitanti. Sul mercato del lavoro c&#8217;\u00e8 discordanza strutturale, [&hellip;]\" \/>\n<meta property=\"og:url\" content=\"https:\/\/www.rrc-kp.si\/it\/risorse-umane-adeguate\/\" \/>\n<meta property=\"og:site_name\" content=\"Regionalni razvojni center Koper\" \/>\n<meta property=\"article:published_time\" content=\"2013-07-25T10:48:12+00:00\" \/>\n<meta property=\"article:modified_time\" content=\"2022-06-14T13:29:55+00:00\" \/>\n<meta name=\"author\" content=\"benr\" \/>\n<meta name=\"twitter:card\" content=\"summary_large_image\" \/>\n<meta name=\"twitter:label1\" content=\"Scritto da\" \/>\n\t<meta name=\"twitter:data1\" content=\"benr\" \/>\n\t<meta name=\"twitter:label2\" content=\"Tempo di lettura stimato\" \/>\n\t<meta name=\"twitter:data2\" content=\"2 minuti\" \/>\n<script type=\"application\/ld+json\" class=\"yoast-schema-graph\">{\"@context\":\"https:\/\/schema.org\",\"@graph\":[{\"@type\":\"Article\",\"@id\":\"https:\/\/www.rrc-kp.si\/it\/risorse-umane-adeguate\/#article\",\"isPartOf\":{\"@id\":\"https:\/\/www.rrc-kp.si\/it\/risorse-umane-adeguate\/\"},\"author\":{\"name\":\"benr\",\"@id\":\"https:\/\/www.rrc-kp.si\/#\/schema\/person\/949f010d651e78a1c45cfdc175d16605\"},\"headline\":\"RISORSE UMANE ADEGUATE\",\"datePublished\":\"2013-07-25T10:48:12+00:00\",\"dateModified\":\"2022-06-14T13:29:55+00:00\",\"mainEntityOfPage\":{\"@id\":\"https:\/\/www.rrc-kp.si\/it\/risorse-umane-adeguate\/\"},\"wordCount\":392,\"publisher\":{\"@id\":\"https:\/\/www.rrc-kp.si\/#organization\"},\"articleSection\":[\"Finiti\",\"Progetti\"],\"inLanguage\":\"it-IT\"},{\"@type\":\"WebPage\",\"@id\":\"https:\/\/www.rrc-kp.si\/it\/risorse-umane-adeguate\/\",\"url\":\"https:\/\/www.rrc-kp.si\/it\/risorse-umane-adeguate\/\",\"name\":\"RISORSE UMANE ADEGUATE - Regionalni razvojni center Koper\",\"isPartOf\":{\"@id\":\"https:\/\/www.rrc-kp.si\/#website\"},\"datePublished\":\"2013-07-25T10:48:12+00:00\",\"dateModified\":\"2022-06-14T13:29:55+00:00\",\"breadcrumb\":{\"@id\":\"https:\/\/www.rrc-kp.si\/it\/risorse-umane-adeguate\/#breadcrumb\"},\"inLanguage\":\"it-IT\",\"potentialAction\":[{\"@type\":\"ReadAction\",\"target\":[\"https:\/\/www.rrc-kp.si\/it\/risorse-umane-adeguate\/\"]}]},{\"@type\":\"BreadcrumbList\",\"@id\":\"https:\/\/www.rrc-kp.si\/it\/risorse-umane-adeguate\/#breadcrumb\",\"itemListElement\":[{\"@type\":\"ListItem\",\"position\":1,\"name\":\"Home\",\"item\":\"https:\/\/www.rrc-kp.si\/it\/\"},{\"@type\":\"ListItem\",\"position\":2,\"name\":\"RISORSE UMANE ADEGUATE\"}]},{\"@type\":\"WebSite\",\"@id\":\"https:\/\/www.rrc-kp.si\/#website\",\"url\":\"https:\/\/www.rrc-kp.si\/\",\"name\":\"Regionalni razvojni center Koper\",\"description\":\"RRC Koper\",\"publisher\":{\"@id\":\"https:\/\/www.rrc-kp.si\/#organization\"},\"potentialAction\":[{\"@type\":\"SearchAction\",\"target\":{\"@type\":\"EntryPoint\",\"urlTemplate\":\"https:\/\/www.rrc-kp.si\/?s={search_term_string}\"},\"query-input\":{\"@type\":\"PropertyValueSpecification\",\"valueRequired\":true,\"valueName\":\"search_term_string\"}}],\"inLanguage\":\"it-IT\"},{\"@type\":\"Organization\",\"@id\":\"https:\/\/www.rrc-kp.si\/#organization\",\"name\":\"Regionalni razvojni center Koper\",\"url\":\"https:\/\/www.rrc-kp.si\/\",\"logo\":{\"@type\":\"ImageObject\",\"inLanguage\":\"it-IT\",\"@id\":\"https:\/\/www.rrc-kp.si\/#\/schema\/logo\/image\/\",\"url\":\"https:\/\/www.rrc-kp.si\/wp-content\/uploads\/2021\/11\/LOGO-RRC-CEL-BEL-1-e1737099415271.png\",\"contentUrl\":\"https:\/\/www.rrc-kp.si\/wp-content\/uploads\/2021\/11\/LOGO-RRC-CEL-BEL-1-e1737099415271.png\",\"width\":2586,\"height\":2003,\"caption\":\"Regionalni razvojni center Koper\"},\"image\":{\"@id\":\"https:\/\/www.rrc-kp.si\/#\/schema\/logo\/image\/\"}},{\"@type\":\"Person\",\"@id\":\"https:\/\/www.rrc-kp.si\/#\/schema\/person\/949f010d651e78a1c45cfdc175d16605\",\"name\":\"benr\",\"sameAs\":[\"https:\/\/www.rrc-kp.si\"]}]}<\/script>\n<!-- \/ Yoast SEO plugin. -->","yoast_head_json":{"title":"RISORSE UMANE ADEGUATE - Regionalni razvojni center Koper","robots":{"index":"index","follow":"follow","max-snippet":"max-snippet:-1","max-image-preview":"max-image-preview:large","max-video-preview":"max-video-preview:-1"},"canonical":"https:\/\/www.rrc-kp.si\/it\/risorse-umane-adeguate\/","og_locale":"it_IT","og_type":"article","og_title":"RISORSE UMANE ADEGUATE - Regionalni razvojni center Koper","og_description":"Risorse umane adeguate &#8211; la strada verso una regione innovativa La base del progetto L&#8217;analisi del mercato del lavoro ha rivelato che nella regione il tasso di disoccupazione \u00e8 sotto la media rispetto alle altre regioni slovene, ma sotto la media \u00e8 anche la struttura dell&#8217;istruzione degli abitanti. Sul mercato del lavoro c&#8217;\u00e8 discordanza strutturale, [&hellip;]","og_url":"https:\/\/www.rrc-kp.si\/it\/risorse-umane-adeguate\/","og_site_name":"Regionalni razvojni center Koper","article_published_time":"2013-07-25T10:48:12+00:00","article_modified_time":"2022-06-14T13:29:55+00:00","author":"benr","twitter_card":"summary_large_image","twitter_misc":{"Scritto da":"benr","Tempo di lettura stimato":"2 minuti"},"schema":{"@context":"https:\/\/schema.org","@graph":[{"@type":"Article","@id":"https:\/\/www.rrc-kp.si\/it\/risorse-umane-adeguate\/#article","isPartOf":{"@id":"https:\/\/www.rrc-kp.si\/it\/risorse-umane-adeguate\/"},"author":{"name":"benr","@id":"https:\/\/www.rrc-kp.si\/#\/schema\/person\/949f010d651e78a1c45cfdc175d16605"},"headline":"RISORSE UMANE ADEGUATE","datePublished":"2013-07-25T10:48:12+00:00","dateModified":"2022-06-14T13:29:55+00:00","mainEntityOfPage":{"@id":"https:\/\/www.rrc-kp.si\/it\/risorse-umane-adeguate\/"},"wordCount":392,"publisher":{"@id":"https:\/\/www.rrc-kp.si\/#organization"},"articleSection":["Finiti","Progetti"],"inLanguage":"it-IT"},{"@type":"WebPage","@id":"https:\/\/www.rrc-kp.si\/it\/risorse-umane-adeguate\/","url":"https:\/\/www.rrc-kp.si\/it\/risorse-umane-adeguate\/","name":"RISORSE UMANE ADEGUATE - Regionalni razvojni center Koper","isPartOf":{"@id":"https:\/\/www.rrc-kp.si\/#website"},"datePublished":"2013-07-25T10:48:12+00:00","dateModified":"2022-06-14T13:29:55+00:00","breadcrumb":{"@id":"https:\/\/www.rrc-kp.si\/it\/risorse-umane-adeguate\/#breadcrumb"},"inLanguage":"it-IT","potentialAction":[{"@type":"ReadAction","target":["https:\/\/www.rrc-kp.si\/it\/risorse-umane-adeguate\/"]}]},{"@type":"BreadcrumbList","@id":"https:\/\/www.rrc-kp.si\/it\/risorse-umane-adeguate\/#breadcrumb","itemListElement":[{"@type":"ListItem","position":1,"name":"Home","item":"https:\/\/www.rrc-kp.si\/it\/"},{"@type":"ListItem","position":2,"name":"RISORSE UMANE ADEGUATE"}]},{"@type":"WebSite","@id":"https:\/\/www.rrc-kp.si\/#website","url":"https:\/\/www.rrc-kp.si\/","name":"Regionalni razvojni center Koper","description":"RRC Koper","publisher":{"@id":"https:\/\/www.rrc-kp.si\/#organization"},"potentialAction":[{"@type":"SearchAction","target":{"@type":"EntryPoint","urlTemplate":"https:\/\/www.rrc-kp.si\/?s={search_term_string}"},"query-input":{"@type":"PropertyValueSpecification","valueRequired":true,"valueName":"search_term_string"}}],"inLanguage":"it-IT"},{"@type":"Organization","@id":"https:\/\/www.rrc-kp.si\/#organization","name":"Regionalni razvojni center Koper","url":"https:\/\/www.rrc-kp.si\/","logo":{"@type":"ImageObject","inLanguage":"it-IT","@id":"https:\/\/www.rrc-kp.si\/#\/schema\/logo\/image\/","url":"https:\/\/www.rrc-kp.si\/wp-content\/uploads\/2021\/11\/LOGO-RRC-CEL-BEL-1-e1737099415271.png","contentUrl":"https:\/\/www.rrc-kp.si\/wp-content\/uploads\/2021\/11\/LOGO-RRC-CEL-BEL-1-e1737099415271.png","width":2586,"height":2003,"caption":"Regionalni razvojni center Koper"},"image":{"@id":"https:\/\/www.rrc-kp.si\/#\/schema\/logo\/image\/"}},{"@type":"Person","@id":"https:\/\/www.rrc-kp.si\/#\/schema\/person\/949f010d651e78a1c45cfdc175d16605","name":"benr","sameAs":["https:\/\/www.rrc-kp.si"]}]}},"_links":{"self":[{"href":"https:\/\/www.rrc-kp.si\/it\/wp-json\/wp\/v2\/posts\/7772","targetHints":{"allow":["GET"]}}],"collection":[{"href":"https:\/\/www.rrc-kp.si\/it\/wp-json\/wp\/v2\/posts"}],"about":[{"href":"https:\/\/www.rrc-kp.si\/it\/wp-json\/wp\/v2\/types\/post"}],"author":[{"embeddable":true,"href":"https:\/\/www.rrc-kp.si\/it\/wp-json\/wp\/v2\/users\/1"}],"replies":[{"embeddable":true,"href":"https:\/\/www.rrc-kp.si\/it\/wp-json\/wp\/v2\/comments?post=7772"}],"version-history":[{"count":1,"href":"https:\/\/www.rrc-kp.si\/it\/wp-json\/wp\/v2\/posts\/7772\/revisions"}],"predecessor-version":[{"id":9564,"href":"https:\/\/www.rrc-kp.si\/it\/wp-json\/wp\/v2\/posts\/7772\/revisions\/9564"}],"wp:attachment":[{"href":"https:\/\/www.rrc-kp.si\/it\/wp-json\/wp\/v2\/media?parent=7772"}],"wp:term":[{"taxonomy":"category","embeddable":true,"href":"https:\/\/www.rrc-kp.si\/it\/wp-json\/wp\/v2\/categories?post=7772"},{"taxonomy":"post_tag","embeddable":true,"href":"https:\/\/www.rrc-kp.si\/it\/wp-json\/wp\/v2\/tags?post=7772"}],"curies":[{"name":"wp","href":"https:\/\/api.w.org\/{rel}","templated":true}]}}