{"id":7860,"date":"2014-02-04T13:49:04","date_gmt":"2014-02-04T12:49:04","guid":{"rendered":"https:\/\/www.rrc-kp.si\/pvsp-2014\/"},"modified":"2022-06-14T15:29:55","modified_gmt":"2022-06-14T13:29:55","slug":"pvsp-2014","status":"publish","type":"post","link":"https:\/\/www.rrc-kp.si\/it\/pvsp-2014\/","title":{"rendered":"PVSP 2014"},"content":{"rendered":"<p align=\"center\"><strong><img decoding=\"async\" class=\" size-full wp-image-3456\" src=\"https:\/\/www.rrc-kp.si\/wp-content\/uploads\/2013\/03\/logo_PVSP2014.jpg\" alt=\"logo PVSP2014\" width=\"196\" height=\"86\" srcset=\"https:\/\/www.rrc-kp.si\/wp-content\/uploads\/2013\/03\/logo_PVSP2014.jpg 630w, https:\/\/www.rrc-kp.si\/wp-content\/uploads\/2013\/03\/logo_PVSP2014-300x131.jpg 300w\" sizes=\"(max-width: 196px) 100vw, 196px\" \/><\/strong>&nbsp;&nbsp;&nbsp;&nbsp; <img decoding=\"async\" class=\" size-full wp-image-3290\" src=\"https:\/\/www.rrc-kp.si\/wp-content\/uploads\/2012\/11\/ESS_SLO_logo.jpg\" alt=\"ESS_SLO_logo\" width=\"274\" height=\"76\" srcset=\"https:\/\/www.rrc-kp.si\/wp-content\/uploads\/2012\/11\/ESS_SLO_logo.jpg 350w, https:\/\/www.rrc-kp.si\/wp-content\/uploads\/2012\/11\/ESS_SLO_logo-300x83.jpg 300w\" sizes=\"(max-width: 274px) 100vw, 274px\" \/><\/p>\n<p><strong>A<i>ttiva la mente in un&#8217;attivit\u00e0 intraprendente<\/i>&nbsp;<\/strong><\/p>\n<p>L\u2019operazione <i>Attiva la mente in un&#8217;attivit\u00e0 intraprendente<\/i> \u00e8 finalizzata a promuovere l&#8217;imprenditorialit\u00e0 tra i giovani disoccupati con livelli d\u2019istruzione elevati (laureati e simili) e a promuovere la creazione di nuovi posti di lavoro. L&#8217;idea basilare del progetto \u00e8 di fornire ai partecipanti, selezionati tramite invito pubblico, assistenza professionale e una formazione complementare necessarie per trasformare un&#8217;idea imprenditoriale in una vera e propria impresa.<\/p>\n<p> Il gruppo target sono persone che hanno conseguito una laurea di primo livello o una laurea di vecchio ordinamento, una laurea specialistica o magistrale o un dottorato di ricerca, di et\u00e0 inferiore ai 35 anni e sono iscritte nel registro dei disoccupati presso l\u2019Istituto per l\u2019impiego della Repubblica di Slovenia o altre persone in conformit\u00e0 alle disposizioni dell\u2019invito pubblico.<\/p>\n<p> Il progetto si svolge in gruppi di dieci partecipanti nel periodo di quattro mesi, durante i quali sono impiegati in una delle agenzie di sviluppo partecipanti, lavorano sulla loro idea imprenditoriale sotto la guida dei mentori, scrivono il business plan e vengono formati per intraprendere una carriera imprenditoriale o per aumentare la loro occupabilit\u00e0. &nbsp;L\u2019obiettivo di ogni partecipante \u00e8 di costituire un\u2019impresa, avviare una ditta individuale o trovare impiego presso un nuovo datore di lavoro entro 12 mesi dal completamento della formazione.<\/p>\n<p> L\u2019operazione rientra nel Programma operativo per lo sviluppo delle risorse umane per il periodo 2007-2013, nelle priorit\u00e0 di sviluppo Promozione dell\u2019imprenditorialit\u00e0 e la flessibilit\u00e0 e Formazione ed educazione per la competitivit\u00e0 e la occupabilit\u00e0. Si svolge sul territorio della Repubblica di Slovenia ed \u00e8 finanziata dal Fondo sociale europeo (85 %) e dal Ministero del lavoro, della famiglia, degli affari sociali e delle pari opportunit\u00e0 della Republica di Slovenia (15 %). Il lead partner del progetto \u00e8 il Centro regionale per lo sviluppo di Zagorje, i partner del progetto sono altre 11 agenzie di sviluppo di tutta la Slovenia, tra cui anche il Centro regionale di sviluppo Capodistria.<\/p>\n<p>Persona di contatto: Tina Jan\u010dar Matekovi\u010d , e-mail: tina.matekovic@ rrc-kp.si, tel . +386 5 66 37 590<\/p>\n","protected":false},"excerpt":{"rendered":"<p>&nbsp;&nbsp;&nbsp;&nbsp; Attiva la mente in un&#8217;attivit\u00e0 intraprendente&nbsp; L\u2019operazione Attiva la mente in un&#8217;attivit\u00e0 intraprendente \u00e8 finalizzata a promuovere l&#8217;imprenditorialit\u00e0 tra i giovani disoccupati con livelli d\u2019istruzione elevati (laureati e simili) e a promuovere la creazione di nuovi posti di lavoro. L&#8217;idea basilare del progetto \u00e8 di fornire ai partecipanti, selezionati tramite invito pubblico, assistenza professionale [&hellip;]<\/p>\n","protected":false},"author":12,"featured_media":3456,"comment_status":"closed","ping_status":"","sticky":false,"template":"","format":"standard","meta":{"_acf_changed":false,"footnotes":""},"categories":[110,106],"tags":[],"class_list":["post-7860","post","type-post","status-publish","format-standard","has-post-thumbnail","hentry","category-finiti","category-progetti"],"acf":[],"yoast_head":"<!-- This site is optimized with the Yoast SEO plugin v26.5 - https:\/\/yoast.com\/wordpress\/plugins\/seo\/ -->\n<title>PVSP 2014 - Regionalni razvojni center Koper<\/title>\n<meta name=\"robots\" content=\"index, follow, max-snippet:-1, max-image-preview:large, max-video-preview:-1\" \/>\n<link rel=\"canonical\" href=\"https:\/\/www.rrc-kp.si\/it\/pvsp-2014\/\" \/>\n<meta property=\"og:locale\" content=\"it_IT\" \/>\n<meta property=\"og:type\" content=\"article\" \/>\n<meta property=\"og:title\" content=\"PVSP 2014 - Regionalni razvojni center Koper\" \/>\n<meta property=\"og:description\" content=\"&nbsp;&nbsp;&nbsp;&nbsp; Attiva la mente in un&#8217;attivit\u00e0 intraprendente&nbsp; L\u2019operazione Attiva la mente in un&#8217;attivit\u00e0 intraprendente \u00e8 finalizzata a promuovere l&#8217;imprenditorialit\u00e0 tra i giovani disoccupati con livelli d\u2019istruzione elevati (laureati e simili) e a promuovere la creazione di nuovi posti di lavoro. L&#8217;idea basilare del progetto \u00e8 di fornire ai partecipanti, selezionati tramite invito pubblico, assistenza professionale [&hellip;]\" \/>\n<meta property=\"og:url\" content=\"https:\/\/www.rrc-kp.si\/it\/pvsp-2014\/\" \/>\n<meta property=\"og:site_name\" content=\"Regionalni razvojni center Koper\" \/>\n<meta property=\"article:published_time\" content=\"2014-02-04T12:49:04+00:00\" \/>\n<meta property=\"article:modified_time\" content=\"2022-06-14T13:29:55+00:00\" \/>\n<meta property=\"og:image\" content=\"https:\/\/www.rrc-kp.si\/wp-content\/uploads\/2013\/03\/logo_PVSP2014.jpg\" \/>\n\t<meta property=\"og:image:width\" content=\"630\" \/>\n\t<meta property=\"og:image:height\" content=\"276\" \/>\n\t<meta property=\"og:image:type\" content=\"image\/jpeg\" \/>\n<meta name=\"author\" content=\"mitja\" \/>\n<meta name=\"twitter:card\" content=\"summary_large_image\" \/>\n<meta name=\"twitter:label1\" content=\"Scritto da\" \/>\n\t<meta name=\"twitter:data1\" content=\"mitja\" \/>\n\t<meta name=\"twitter:label2\" content=\"Tempo di lettura stimato\" \/>\n\t<meta name=\"twitter:data2\" content=\"2 minuti\" \/>\n<script type=\"application\/ld+json\" class=\"yoast-schema-graph\">{\"@context\":\"https:\/\/schema.org\",\"@graph\":[{\"@type\":\"Article\",\"@id\":\"https:\/\/www.rrc-kp.si\/it\/pvsp-2014\/#article\",\"isPartOf\":{\"@id\":\"https:\/\/www.rrc-kp.si\/it\/pvsp-2014\/\"},\"author\":{\"name\":\"mitja\",\"@id\":\"https:\/\/www.rrc-kp.si\/#\/schema\/person\/daa2ff2117ae16e9d340dfb06a381242\"},\"headline\":\"PVSP 2014\",\"datePublished\":\"2014-02-04T12:49:04+00:00\",\"dateModified\":\"2022-06-14T13:29:55+00:00\",\"mainEntityOfPage\":{\"@id\":\"https:\/\/www.rrc-kp.si\/it\/pvsp-2014\/\"},\"wordCount\":340,\"publisher\":{\"@id\":\"https:\/\/www.rrc-kp.si\/#organization\"},\"image\":{\"@id\":\"https:\/\/www.rrc-kp.si\/it\/pvsp-2014\/#primaryimage\"},\"thumbnailUrl\":\"https:\/\/www.rrc-kp.si\/wp-content\/uploads\/2013\/03\/logo_PVSP2014.jpg\",\"articleSection\":[\"Finiti\",\"Progetti\"],\"inLanguage\":\"it-IT\"},{\"@type\":\"WebPage\",\"@id\":\"https:\/\/www.rrc-kp.si\/it\/pvsp-2014\/\",\"url\":\"https:\/\/www.rrc-kp.si\/it\/pvsp-2014\/\",\"name\":\"PVSP 2014 - Regionalni razvojni center Koper\",\"isPartOf\":{\"@id\":\"https:\/\/www.rrc-kp.si\/#website\"},\"primaryImageOfPage\":{\"@id\":\"https:\/\/www.rrc-kp.si\/it\/pvsp-2014\/#primaryimage\"},\"image\":{\"@id\":\"https:\/\/www.rrc-kp.si\/it\/pvsp-2014\/#primaryimage\"},\"thumbnailUrl\":\"https:\/\/www.rrc-kp.si\/wp-content\/uploads\/2013\/03\/logo_PVSP2014.jpg\",\"datePublished\":\"2014-02-04T12:49:04+00:00\",\"dateModified\":\"2022-06-14T13:29:55+00:00\",\"breadcrumb\":{\"@id\":\"https:\/\/www.rrc-kp.si\/it\/pvsp-2014\/#breadcrumb\"},\"inLanguage\":\"it-IT\",\"potentialAction\":[{\"@type\":\"ReadAction\",\"target\":[\"https:\/\/www.rrc-kp.si\/it\/pvsp-2014\/\"]}]},{\"@type\":\"ImageObject\",\"inLanguage\":\"it-IT\",\"@id\":\"https:\/\/www.rrc-kp.si\/it\/pvsp-2014\/#primaryimage\",\"url\":\"https:\/\/www.rrc-kp.si\/wp-content\/uploads\/2013\/03\/logo_PVSP2014.jpg\",\"contentUrl\":\"https:\/\/www.rrc-kp.si\/wp-content\/uploads\/2013\/03\/logo_PVSP2014.jpg\",\"width\":630,\"height\":276,\"caption\":\"logo PVSP2014\"},{\"@type\":\"BreadcrumbList\",\"@id\":\"https:\/\/www.rrc-kp.si\/it\/pvsp-2014\/#breadcrumb\",\"itemListElement\":[{\"@type\":\"ListItem\",\"position\":1,\"name\":\"Home\",\"item\":\"https:\/\/www.rrc-kp.si\/it\/\"},{\"@type\":\"ListItem\",\"position\":2,\"name\":\"PVSP 2014\"}]},{\"@type\":\"WebSite\",\"@id\":\"https:\/\/www.rrc-kp.si\/#website\",\"url\":\"https:\/\/www.rrc-kp.si\/\",\"name\":\"Regionalni razvojni center Koper\",\"description\":\"RRC Koper\",\"publisher\":{\"@id\":\"https:\/\/www.rrc-kp.si\/#organization\"},\"potentialAction\":[{\"@type\":\"SearchAction\",\"target\":{\"@type\":\"EntryPoint\",\"urlTemplate\":\"https:\/\/www.rrc-kp.si\/?s={search_term_string}\"},\"query-input\":{\"@type\":\"PropertyValueSpecification\",\"valueRequired\":true,\"valueName\":\"search_term_string\"}}],\"inLanguage\":\"it-IT\"},{\"@type\":\"Organization\",\"@id\":\"https:\/\/www.rrc-kp.si\/#organization\",\"name\":\"Regionalni razvojni center Koper\",\"url\":\"https:\/\/www.rrc-kp.si\/\",\"logo\":{\"@type\":\"ImageObject\",\"inLanguage\":\"it-IT\",\"@id\":\"https:\/\/www.rrc-kp.si\/#\/schema\/logo\/image\/\",\"url\":\"https:\/\/www.rrc-kp.si\/wp-content\/uploads\/2021\/11\/LOGO-RRC-CEL-BEL-1-e1737099415271.png\",\"contentUrl\":\"https:\/\/www.rrc-kp.si\/wp-content\/uploads\/2021\/11\/LOGO-RRC-CEL-BEL-1-e1737099415271.png\",\"width\":2586,\"height\":2003,\"caption\":\"Regionalni razvojni center Koper\"},\"image\":{\"@id\":\"https:\/\/www.rrc-kp.si\/#\/schema\/logo\/image\/\"}},{\"@type\":\"Person\",\"@id\":\"https:\/\/www.rrc-kp.si\/#\/schema\/person\/daa2ff2117ae16e9d340dfb06a381242\",\"name\":\"mitja\"}]}<\/script>\n<!-- \/ Yoast SEO plugin. -->","yoast_head_json":{"title":"PVSP 2014 - Regionalni razvojni center Koper","robots":{"index":"index","follow":"follow","max-snippet":"max-snippet:-1","max-image-preview":"max-image-preview:large","max-video-preview":"max-video-preview:-1"},"canonical":"https:\/\/www.rrc-kp.si\/it\/pvsp-2014\/","og_locale":"it_IT","og_type":"article","og_title":"PVSP 2014 - Regionalni razvojni center Koper","og_description":"&nbsp;&nbsp;&nbsp;&nbsp; Attiva la mente in un&#8217;attivit\u00e0 intraprendente&nbsp; L\u2019operazione Attiva la mente in un&#8217;attivit\u00e0 intraprendente \u00e8 finalizzata a promuovere l&#8217;imprenditorialit\u00e0 tra i giovani disoccupati con livelli d\u2019istruzione elevati (laureati e simili) e a promuovere la creazione di nuovi posti di lavoro. L&#8217;idea basilare del progetto \u00e8 di fornire ai partecipanti, selezionati tramite invito pubblico, assistenza professionale [&hellip;]","og_url":"https:\/\/www.rrc-kp.si\/it\/pvsp-2014\/","og_site_name":"Regionalni razvojni center Koper","article_published_time":"2014-02-04T12:49:04+00:00","article_modified_time":"2022-06-14T13:29:55+00:00","og_image":[{"width":630,"height":276,"url":"https:\/\/www.rrc-kp.si\/wp-content\/uploads\/2013\/03\/logo_PVSP2014.jpg","type":"image\/jpeg"}],"author":"mitja","twitter_card":"summary_large_image","twitter_misc":{"Scritto da":"mitja","Tempo di lettura stimato":"2 minuti"},"schema":{"@context":"https:\/\/schema.org","@graph":[{"@type":"Article","@id":"https:\/\/www.rrc-kp.si\/it\/pvsp-2014\/#article","isPartOf":{"@id":"https:\/\/www.rrc-kp.si\/it\/pvsp-2014\/"},"author":{"name":"mitja","@id":"https:\/\/www.rrc-kp.si\/#\/schema\/person\/daa2ff2117ae16e9d340dfb06a381242"},"headline":"PVSP 2014","datePublished":"2014-02-04T12:49:04+00:00","dateModified":"2022-06-14T13:29:55+00:00","mainEntityOfPage":{"@id":"https:\/\/www.rrc-kp.si\/it\/pvsp-2014\/"},"wordCount":340,"publisher":{"@id":"https:\/\/www.rrc-kp.si\/#organization"},"image":{"@id":"https:\/\/www.rrc-kp.si\/it\/pvsp-2014\/#primaryimage"},"thumbnailUrl":"https:\/\/www.rrc-kp.si\/wp-content\/uploads\/2013\/03\/logo_PVSP2014.jpg","articleSection":["Finiti","Progetti"],"inLanguage":"it-IT"},{"@type":"WebPage","@id":"https:\/\/www.rrc-kp.si\/it\/pvsp-2014\/","url":"https:\/\/www.rrc-kp.si\/it\/pvsp-2014\/","name":"PVSP 2014 - Regionalni razvojni center Koper","isPartOf":{"@id":"https:\/\/www.rrc-kp.si\/#website"},"primaryImageOfPage":{"@id":"https:\/\/www.rrc-kp.si\/it\/pvsp-2014\/#primaryimage"},"image":{"@id":"https:\/\/www.rrc-kp.si\/it\/pvsp-2014\/#primaryimage"},"thumbnailUrl":"https:\/\/www.rrc-kp.si\/wp-content\/uploads\/2013\/03\/logo_PVSP2014.jpg","datePublished":"2014-02-04T12:49:04+00:00","dateModified":"2022-06-14T13:29:55+00:00","breadcrumb":{"@id":"https:\/\/www.rrc-kp.si\/it\/pvsp-2014\/#breadcrumb"},"inLanguage":"it-IT","potentialAction":[{"@type":"ReadAction","target":["https:\/\/www.rrc-kp.si\/it\/pvsp-2014\/"]}]},{"@type":"ImageObject","inLanguage":"it-IT","@id":"https:\/\/www.rrc-kp.si\/it\/pvsp-2014\/#primaryimage","url":"https:\/\/www.rrc-kp.si\/wp-content\/uploads\/2013\/03\/logo_PVSP2014.jpg","contentUrl":"https:\/\/www.rrc-kp.si\/wp-content\/uploads\/2013\/03\/logo_PVSP2014.jpg","width":630,"height":276,"caption":"logo PVSP2014"},{"@type":"BreadcrumbList","@id":"https:\/\/www.rrc-kp.si\/it\/pvsp-2014\/#breadcrumb","itemListElement":[{"@type":"ListItem","position":1,"name":"Home","item":"https:\/\/www.rrc-kp.si\/it\/"},{"@type":"ListItem","position":2,"name":"PVSP 2014"}]},{"@type":"WebSite","@id":"https:\/\/www.rrc-kp.si\/#website","url":"https:\/\/www.rrc-kp.si\/","name":"Regionalni razvojni center Koper","description":"RRC Koper","publisher":{"@id":"https:\/\/www.rrc-kp.si\/#organization"},"potentialAction":[{"@type":"SearchAction","target":{"@type":"EntryPoint","urlTemplate":"https:\/\/www.rrc-kp.si\/?s={search_term_string}"},"query-input":{"@type":"PropertyValueSpecification","valueRequired":true,"valueName":"search_term_string"}}],"inLanguage":"it-IT"},{"@type":"Organization","@id":"https:\/\/www.rrc-kp.si\/#organization","name":"Regionalni razvojni center Koper","url":"https:\/\/www.rrc-kp.si\/","logo":{"@type":"ImageObject","inLanguage":"it-IT","@id":"https:\/\/www.rrc-kp.si\/#\/schema\/logo\/image\/","url":"https:\/\/www.rrc-kp.si\/wp-content\/uploads\/2021\/11\/LOGO-RRC-CEL-BEL-1-e1737099415271.png","contentUrl":"https:\/\/www.rrc-kp.si\/wp-content\/uploads\/2021\/11\/LOGO-RRC-CEL-BEL-1-e1737099415271.png","width":2586,"height":2003,"caption":"Regionalni razvojni center Koper"},"image":{"@id":"https:\/\/www.rrc-kp.si\/#\/schema\/logo\/image\/"}},{"@type":"Person","@id":"https:\/\/www.rrc-kp.si\/#\/schema\/person\/daa2ff2117ae16e9d340dfb06a381242","name":"mitja"}]}},"_links":{"self":[{"href":"https:\/\/www.rrc-kp.si\/it\/wp-json\/wp\/v2\/posts\/7860","targetHints":{"allow":["GET"]}}],"collection":[{"href":"https:\/\/www.rrc-kp.si\/it\/wp-json\/wp\/v2\/posts"}],"about":[{"href":"https:\/\/www.rrc-kp.si\/it\/wp-json\/wp\/v2\/types\/post"}],"author":[{"embeddable":true,"href":"https:\/\/www.rrc-kp.si\/it\/wp-json\/wp\/v2\/users\/12"}],"replies":[{"embeddable":true,"href":"https:\/\/www.rrc-kp.si\/it\/wp-json\/wp\/v2\/comments?post=7860"}],"version-history":[{"count":1,"href":"https:\/\/www.rrc-kp.si\/it\/wp-json\/wp\/v2\/posts\/7860\/revisions"}],"predecessor-version":[{"id":9558,"href":"https:\/\/www.rrc-kp.si\/it\/wp-json\/wp\/v2\/posts\/7860\/revisions\/9558"}],"wp:featuredmedia":[{"embeddable":true,"href":"https:\/\/www.rrc-kp.si\/it\/wp-json\/wp\/v2\/media\/3456"}],"wp:attachment":[{"href":"https:\/\/www.rrc-kp.si\/it\/wp-json\/wp\/v2\/media?parent=7860"}],"wp:term":[{"taxonomy":"category","embeddable":true,"href":"https:\/\/www.rrc-kp.si\/it\/wp-json\/wp\/v2\/categories?post=7860"},{"taxonomy":"post_tag","embeddable":true,"href":"https:\/\/www.rrc-kp.si\/it\/wp-json\/wp\/v2\/tags?post=7860"}],"curies":[{"name":"wp","href":"https:\/\/api.w.org\/{rel}","templated":true}]}}