{"id":8181,"date":"2018-04-12T23:18:24","date_gmt":"2018-04-12T21:18:24","guid":{"rendered":"https:\/\/www.rrc-kp.si\/inter-bike-ii-it\/"},"modified":"2023-08-28T10:27:45","modified_gmt":"2023-08-28T08:27:45","slug":"inter-bike-ii-it","status":"publish","type":"post","link":"https:\/\/www.rrc-kp.si\/it\/inter-bike-ii-it\/","title":{"rendered":"Inter Bike II"},"content":{"rendered":"<p style=\"text-align: justify;\">\u00a0<img fetchpriority=\"high\" decoding=\"async\" class=\" size-full wp-image-5395\" src=\"https:\/\/www.rrc-kp.si\/wp-content\/uploads\/2018\/04\/Interbike_tot.png\" alt=\"Interbike tot\" width=\"582\" height=\"200\" srcset=\"https:\/\/www.rrc-kp.si\/wp-content\/uploads\/2018\/04\/Interbike_tot.png 2278w, https:\/\/www.rrc-kp.si\/wp-content\/uploads\/2018\/04\/Interbike_tot-300x104.png 300w, https:\/\/www.rrc-kp.si\/wp-content\/uploads\/2018\/04\/Interbike_tot-1024x353.png 1024w, https:\/\/www.rrc-kp.si\/wp-content\/uploads\/2018\/04\/Interbike_tot-768x265.png 768w, https:\/\/www.rrc-kp.si\/wp-content\/uploads\/2018\/04\/Interbike_tot-1536x530.png 1536w, https:\/\/www.rrc-kp.si\/wp-content\/uploads\/2018\/04\/Interbike_tot-2048x707.png 2048w\" sizes=\"(max-width: 582px) 100vw, 582px\" \/><\/p>\n<p style=\"text-align: justify;\"><strong>Il progetto Sviluppo delle connessioni multimodali lungo la ciclovia Adriabike \u2013 INTER BIKE II \u00e8 stato approvato al bando pubblico INTERREG V-A Italia-Slovenia 2014-2020 nel campo tematico delle strategie a basse emissioni di carbonio. Durante i tre anni i cinque partner di progetto provenienti da entrambi i lati del confine hanno avviato il trasporto sperimentale di biciclette su autobus e barche su diverse sezioni della ciclovia Adriabike che collega Kranjska Gora e Ravenna. Il percorso \u00e8 stato stabilito con il progetto strategico Inter Bike nel periodo di programmazione precedente.<\/strong><\/p>\n<p style=\"text-align: justify;\">\n<p>L&#8217;obiettivo del progetto INTER BIKE II era la promozione del ciclismo come forma di trasporto sostenibile nella quotidianit\u00e0 ma anche nella scoperta delle attrazioni turistiche dell&#8217;area transfrontaliera. I partner hanno introdotto tre servizi multimodali bici-bus e bici-barca lungo la ciclovia Adriabike che collega le Alpi con il mare Adriatico. I comuni di Capodistria e Monfalcone hanno sperimentato nelle stagioni ciclistiche 2018 e 2019 una linea bici-bus transfrontaliera tra Capodistria, Trieste, Monfalcone, Cormons e Grado. La linea ha collegato le due ciclovie Adriabike e Alpe Adria da Salisburgo a Grado. Il Gruppo di azione locale del Veneto Orientale ha introdotto in agosto e settembre 2019 un collegamento sperimentale bici-barca sul fiume Lemene. Il secondo servizio bici-barca \u00e8 partito nel dicembre 2019 tra la localit\u00e0 turistica di Bibione e l&#8217;oasi naturalistica di Vallevecchia (Caorle). Il servizio cofinanziato tramite il progetto era attivo entro la fine del 2020. I seguenti servizi saranno sostenuti dal Comune di San Michele al Tagliamento. La barca che porta 7 passeggeri con bici a seguito \u00e8 stata costruita nell&#8217;ambito del progetto.<\/p>\n<p>\u00c8 stata realizzata una nuova piattaforma web <a href=\"http:\/\/www.bike-alpeadria.eu\">www.bike-alpeadria.eu<\/a> sulla quale sono presentati gli itinerari ciclabili a lunga percorrenza e quelli locali dell\u2019area transfrontaliera identificati durante i progetti gi\u00e0 conclusi. Gli amanti del ciclismo possono trovare informazioni sulle escursioni, sulle difficolt\u00e0 dell\u2019itinerario e sui siti d\u2019interesse. I partner hanno inoltre promosso l\u2019itinerario Adriabike identificato nell\u2019Inter Bike I (<a href=\"http:\/\/www.adriabike.eu\">www.adriabike.eu<\/a>) sugli importanti portali cicloturistici.<\/p>\n<p>\u00c8 stato realizzato nuovo materiale promozionale: la mappa dell&#8217;itinerario GiraLemene, il depliant sul posizionamento delle stazioni di ricarica elettrica per le biciclette lungo le ciclovie del Veneto Orientale, la ristampa della mappa degli itinerari ciclistici dell&#8217;Istria Slovena. Il Comune di Monfalcone ha pubblicato un volume dedicato alle attrattive lungo le piste ciclabili del territorio.<\/p>\n<p>I partner hanno organizzato delle formazioni per gli operatori turistici sulla cooperazione e sui nuovi servizi multimodali. L&#8217;amministrazione locale ha presentato i futuri piani sul trasporto pubblico e ha preso conoscenza degli aspetti tecnici sulla mobilit\u00e0 elettrica.<\/p>\n<p>Le attivit\u00e0 dedicate al collocamento della segnaletica hanno concesso l&#8217;impostazione dei 90 segnali sugli itinerari ciclabili nel Comune di Isola. Lungo l&#8217;itinerario GiraLemene sono stati installati dei pannelli informativi degli itinerari GiraLemene e Adriabike, nella Laguna di Venezia sono state invece installate le bricole per la segnalazione notturna.<\/p>\n<p>Il Comune citt\u00e0 di Capodistria ha costruito in autunno del 2020 una nuova sezione della pista ciclabile a Crevatini nelle prossimit\u00e0 del confine italiano che si collegher\u00e0 ad Adriabike. Il Comune di Monfalcone ha elaborato lo studio di fattibilit\u00e0 inerente alla sistemazione del percorso ciclabile nel Comune di Monfalcone.<\/p>\n<p>Nei Comuni di Caorle, San Michele al Tagliamento, Concordia Sagittaria e Portogruaro sono state installate quattro colonnine per ricarica delle biciclette, barche, carrozzine elettriche e smart phone.<\/p>\n<p>I partner intendono inoltre promuovere la cooperazione tra le autorit\u00e0 locali e regionali dell\u2019area transfrontaliera nella pianificazione territoriale e dei trasporti, nella mobilit\u00e0 sostenibile e nel turismo. Nell\u2019ottobre del 2020 \u00e8 stato sottoscritto l\u2019accordo di cooperazione tra i partner di progetto e i partner associati. I firmatari hanno presentato al Ministero d\u2019infrastruttura sloveno e alle autorit\u00e0 della Regione Friuli Venezia Giulia l\u2019iniziativa d\u2019introduzione delle linee regolari transfrontaliere di trasporto pubblico. Della proposta ha discusso il Comitato congiunto Friuli Venezia Giulia \u2013 Slovenia all\u2019ultimo incontro a gennaio 2021.<\/p>\n<p>&nbsp;<\/p>\n<p><strong>Risultati principali:\u00a0<\/strong><\/p>\n<p><strong>\u00a0<\/strong><\/p>\n<p>&#8211; 3 servizi multimodali per il trasporto di biciclette:<\/p>\n<ul>\n<li>linea bici-bus transfrontaliera Capodistria-Trieste-Monfalcone-Grado (coincidenza con Cormons): attiva nel 2018 e 2019\n<ul>\n<li>(<a href=\"https:\/\/www.rrc-kp.si\/wp-content\/uploads\/2018\/04\/letak_volantino_KoloBus_BiciBus_sobota_sabato.pdf\">letak_volantino_KoloBus_BiciBus_sobota_sabato.pdf<\/a>, <a href=\"https:\/\/www.rrc-kp.si\/wp-content\/uploads\/2018\/04\/2019_06_04_InterBike2_BiciBus_6_2019.pdf\"><img decoding=\"async\" class=\" size-full wp-image-7640\" src=\"https:\/\/www.rrc-kp.si\/wp-content\/uploads\/2011\/11\/pdf.png\" alt=\"pdf\" width=\"20\" height=\"20\" \/>InterBike2_BiciBus_2019.pdf<\/a>)<\/li>\n<\/ul>\n<\/li>\n<\/ul>\n<ul>\n<li>\n<div>escursioni bici-barca lungo il Lemene: realizzate nell\u2019agosto e settembre 2019 (<a href=\"https:\/\/www.rrc-kp.si\/wp-content\/uploads\/2018\/04\/Caorle_it.pdf\">Caorle<\/a>,\u00a0<a href=\"https:\/\/www.rrc-kp.si\/wp-content\/uploads\/2018\/04\/Portogruaro_it.pdf\">Portogruaro<\/a>)<\/div>\n<\/li>\n<li>nuovo collegamento barca tra Bibione e l&#8217;oasi naturalistica di Vallevecchia che ha accorciato l\u2019attraversamento della Laguna di Venezia: attuazione nel 2020,<\/li>\n<li>la barca del servizio Bibione-Vallevecchia \u00e8 stata costruita nell\u2019ambito del progetto,<\/li>\n<\/ul>\n<p>&#8211; piattaforma degli itinerari ciclabili <a href=\"http:\/\/www.bike-alpeadria.eu\">www.bike-alpeadria.eu<\/a><\/p>\n<p>&#8211; maggiore riconoscimento dell\u2019itinerario Adriabike: <a href=\"http:\/\/www.adriabike.eu\">www.adriabike.eu<\/a><\/p>\n<p>&#8211; materiale promozionale:<\/p>\n<ul>\n<li>mappa cicloturistica GiraLemene (it, si, eng, ted)<\/li>\n<li>depliant sul posizionamento delle stazioni di ricarica elettrica per le biciclette lungo le ciclovie del Veneto Orientale (it, si, eng)<\/li>\n<li>ristampa della mappa degli itinerari ciclistici dell&#8217;Istria Slovena (it, si, eng)<\/li>\n<li>volume dedicato alle attrattive lungo le piste ciclabili del Comune di Monfalcone<\/li>\n<\/ul>\n<p>&#8211; 3 video promozionali: la piattaforma bike-alpeadria.eu (<a href=\"https:\/\/youtu.be\/UuUR9rarerU\" target=\"_blank\" rel=\"noopener\">https:\/\/youtu.be\/UuUR9rarerU<\/a>) e gli itinerari ciclabili del Veneto Orientale (<a href=\"https:\/\/youtu.be\/HeHXj8boma4\" target=\"_blank\" rel=\"noopener\">https:\/\/youtu.be\/HeHXj8boma4<\/a>, <a href=\"https:\/\/youtu.be\/A8i16FEZcVM\" target=\"_blank\" rel=\"noopener\">https:\/\/youtu.be\/A8i16FEZcVM<\/a>)<\/p>\n<p>&#8211; costituzione del gruppo transfrontaliero per la cooperazione sulla mobilit\u00e0 sostenibile e il turismo<\/p>\n<p>&#8211; elaborazione dello studio di fattibilit\u00e0 inerente alla sistemazione del percorso ciclabile nel Comune di Monfalcone<\/p>\n<p>&#8211; installazione di 91 segnali e 3 panelli informativi sugli itinerari ciclabili nel Comune di Isola<\/p>\n<p>&#8211; collocamento di 2 pannelli informativi dell\u2019itinerario Adriabike e 11 pannelli informativi dell\u2019itinerario GiraLemene nel Veneto Orientale<\/p>\n<p>&#8211; installazione di 12 bricole per la navigazione notturna nella Laguna di Venezia<\/p>\n<p>&#8211; impostazione di 4 colonnine di ricarica elettrica per biciclette elettriche nei Comuni di Caorle, San Michele al Tagliamento, Concordia Sagittaria e Portogruaro<\/p>\n<p>&#8211; costruzione del nuovo tratto della pista ciclabile a Crevatini nel Comune citt\u00e0 di Capodistria con una lunghezza di 385 m<\/p>\n<p>&nbsp;<\/p>\n<p>&nbsp;<\/p>\n<p>FB: <a href=\"https:\/\/www.facebook.com\/inter.bike.ii\/\">https:\/\/www.facebook.com\/inter.bike.ii\/<\/a><\/p>\n<p>Pagina web del progetto: <a href=\"http:\/\/2014-2020.ita-slo.eu\/it\/INTER%20BIKE%20II\">INTER BIKE II | Italia Slovenia (ita-slo.eu)<\/a><\/p>\n<p>Pagina web dell&#8217;itinerario Adriabike: <a>https:\/\/www.adriabike.eu\/it\/<\/a><\/p>\n<p>Pagina web degli itinerari della Slovenia Occidentale: <a href=\"https:\/\/www.bike-alpeadria.eu\/it\">https:\/\/www.bike-alpeadria.eu\/it<\/a><\/p>\n<p>&nbsp;<\/p>\n","protected":false},"excerpt":{"rendered":"<p>\u00a0 Il progetto Sviluppo delle connessioni multimodali lungo la ciclovia Adriabike \u2013 INTER BIKE II \u00e8 stato approvato al bando pubblico INTERREG V-A Italia-Slovenia 2014-2020 nel campo tematico delle strategie a basse emissioni di carbonio. Durante i tre anni i cinque partner di progetto provenienti da entrambi i lati del confine hanno avviato il trasporto [&hellip;]<\/p>\n","protected":false},"author":12,"featured_media":5395,"comment_status":"closed","ping_status":"closed","sticky":false,"template":"","format":"standard","meta":{"_acf_changed":false,"footnotes":""},"categories":[110,106],"tags":[],"class_list":["post-8181","post","type-post","status-publish","format-standard","has-post-thumbnail","hentry","category-finiti","category-progetti"],"acf":[],"yoast_head":"<!-- This site is optimized with the Yoast SEO plugin v26.5 - https:\/\/yoast.com\/wordpress\/plugins\/seo\/ -->\n<title>Inter Bike II - Regionalni razvojni center Koper<\/title>\n<meta name=\"robots\" content=\"index, follow, max-snippet:-1, max-image-preview:large, max-video-preview:-1\" \/>\n<link rel=\"canonical\" href=\"https:\/\/www.rrc-kp.si\/it\/inter-bike-ii-it\/\" \/>\n<meta property=\"og:locale\" content=\"it_IT\" \/>\n<meta property=\"og:type\" content=\"article\" \/>\n<meta property=\"og:title\" content=\"Inter Bike II - Regionalni razvojni center Koper\" \/>\n<meta property=\"og:description\" content=\"\u00a0 Il progetto Sviluppo delle connessioni multimodali lungo la ciclovia Adriabike \u2013 INTER BIKE II \u00e8 stato approvato al bando pubblico INTERREG V-A Italia-Slovenia 2014-2020 nel campo tematico delle strategie a basse emissioni di carbonio. Durante i tre anni i cinque partner di progetto provenienti da entrambi i lati del confine hanno avviato il trasporto [&hellip;]\" \/>\n<meta property=\"og:url\" content=\"https:\/\/www.rrc-kp.si\/it\/inter-bike-ii-it\/\" \/>\n<meta property=\"og:site_name\" content=\"Regionalni razvojni center Koper\" \/>\n<meta property=\"article:published_time\" content=\"2018-04-12T21:18:24+00:00\" \/>\n<meta property=\"article:modified_time\" content=\"2023-08-28T08:27:45+00:00\" \/>\n<meta property=\"og:image\" content=\"https:\/\/www.rrc-kp.si\/wp-content\/uploads\/2018\/04\/Interbike_tot.png\" \/>\n\t<meta property=\"og:image:width\" content=\"2278\" \/>\n\t<meta property=\"og:image:height\" content=\"786\" \/>\n\t<meta property=\"og:image:type\" content=\"image\/png\" \/>\n<meta name=\"author\" content=\"mitja\" \/>\n<meta name=\"twitter:card\" content=\"summary_large_image\" \/>\n<meta name=\"twitter:label1\" content=\"Scritto da\" \/>\n\t<meta name=\"twitter:data1\" content=\"mitja\" \/>\n\t<meta name=\"twitter:label2\" content=\"Tempo di lettura stimato\" \/>\n\t<meta name=\"twitter:data2\" content=\"6 minuti\" \/>\n<script type=\"application\/ld+json\" class=\"yoast-schema-graph\">{\"@context\":\"https:\/\/schema.org\",\"@graph\":[{\"@type\":\"Article\",\"@id\":\"https:\/\/www.rrc-kp.si\/it\/inter-bike-ii-it\/#article\",\"isPartOf\":{\"@id\":\"https:\/\/www.rrc-kp.si\/it\/inter-bike-ii-it\/\"},\"author\":{\"name\":\"mitja\",\"@id\":\"https:\/\/www.rrc-kp.si\/#\/schema\/person\/daa2ff2117ae16e9d340dfb06a381242\"},\"headline\":\"Inter Bike II\",\"datePublished\":\"2018-04-12T21:18:24+00:00\",\"dateModified\":\"2023-08-28T08:27:45+00:00\",\"mainEntityOfPage\":{\"@id\":\"https:\/\/www.rrc-kp.si\/it\/inter-bike-ii-it\/\"},\"wordCount\":970,\"publisher\":{\"@id\":\"https:\/\/www.rrc-kp.si\/#organization\"},\"image\":{\"@id\":\"https:\/\/www.rrc-kp.si\/it\/inter-bike-ii-it\/#primaryimage\"},\"thumbnailUrl\":\"https:\/\/www.rrc-kp.si\/wp-content\/uploads\/2018\/04\/Interbike_tot.png\",\"articleSection\":[\"Finiti\",\"Progetti\"],\"inLanguage\":\"it-IT\"},{\"@type\":\"WebPage\",\"@id\":\"https:\/\/www.rrc-kp.si\/it\/inter-bike-ii-it\/\",\"url\":\"https:\/\/www.rrc-kp.si\/it\/inter-bike-ii-it\/\",\"name\":\"Inter Bike II - Regionalni razvojni center Koper\",\"isPartOf\":{\"@id\":\"https:\/\/www.rrc-kp.si\/#website\"},\"primaryImageOfPage\":{\"@id\":\"https:\/\/www.rrc-kp.si\/it\/inter-bike-ii-it\/#primaryimage\"},\"image\":{\"@id\":\"https:\/\/www.rrc-kp.si\/it\/inter-bike-ii-it\/#primaryimage\"},\"thumbnailUrl\":\"https:\/\/www.rrc-kp.si\/wp-content\/uploads\/2018\/04\/Interbike_tot.png\",\"datePublished\":\"2018-04-12T21:18:24+00:00\",\"dateModified\":\"2023-08-28T08:27:45+00:00\",\"breadcrumb\":{\"@id\":\"https:\/\/www.rrc-kp.si\/it\/inter-bike-ii-it\/#breadcrumb\"},\"inLanguage\":\"it-IT\",\"potentialAction\":[{\"@type\":\"ReadAction\",\"target\":[\"https:\/\/www.rrc-kp.si\/it\/inter-bike-ii-it\/\"]}]},{\"@type\":\"ImageObject\",\"inLanguage\":\"it-IT\",\"@id\":\"https:\/\/www.rrc-kp.si\/it\/inter-bike-ii-it\/#primaryimage\",\"url\":\"https:\/\/www.rrc-kp.si\/wp-content\/uploads\/2018\/04\/Interbike_tot.png\",\"contentUrl\":\"https:\/\/www.rrc-kp.si\/wp-content\/uploads\/2018\/04\/Interbike_tot.png\",\"width\":2278,\"height\":786},{\"@type\":\"BreadcrumbList\",\"@id\":\"https:\/\/www.rrc-kp.si\/it\/inter-bike-ii-it\/#breadcrumb\",\"itemListElement\":[{\"@type\":\"ListItem\",\"position\":1,\"name\":\"Home\",\"item\":\"https:\/\/www.rrc-kp.si\/it\/\"},{\"@type\":\"ListItem\",\"position\":2,\"name\":\"Inter Bike II\"}]},{\"@type\":\"WebSite\",\"@id\":\"https:\/\/www.rrc-kp.si\/#website\",\"url\":\"https:\/\/www.rrc-kp.si\/\",\"name\":\"Regionalni razvojni center Koper\",\"description\":\"RRC Koper\",\"publisher\":{\"@id\":\"https:\/\/www.rrc-kp.si\/#organization\"},\"potentialAction\":[{\"@type\":\"SearchAction\",\"target\":{\"@type\":\"EntryPoint\",\"urlTemplate\":\"https:\/\/www.rrc-kp.si\/?s={search_term_string}\"},\"query-input\":{\"@type\":\"PropertyValueSpecification\",\"valueRequired\":true,\"valueName\":\"search_term_string\"}}],\"inLanguage\":\"it-IT\"},{\"@type\":\"Organization\",\"@id\":\"https:\/\/www.rrc-kp.si\/#organization\",\"name\":\"Regionalni razvojni center Koper\",\"url\":\"https:\/\/www.rrc-kp.si\/\",\"logo\":{\"@type\":\"ImageObject\",\"inLanguage\":\"it-IT\",\"@id\":\"https:\/\/www.rrc-kp.si\/#\/schema\/logo\/image\/\",\"url\":\"https:\/\/www.rrc-kp.si\/wp-content\/uploads\/2021\/11\/LOGO-RRC-CEL-BEL-1-e1737099415271.png\",\"contentUrl\":\"https:\/\/www.rrc-kp.si\/wp-content\/uploads\/2021\/11\/LOGO-RRC-CEL-BEL-1-e1737099415271.png\",\"width\":2586,\"height\":2003,\"caption\":\"Regionalni razvojni center Koper\"},\"image\":{\"@id\":\"https:\/\/www.rrc-kp.si\/#\/schema\/logo\/image\/\"}},{\"@type\":\"Person\",\"@id\":\"https:\/\/www.rrc-kp.si\/#\/schema\/person\/daa2ff2117ae16e9d340dfb06a381242\",\"name\":\"mitja\"}]}<\/script>\n<!-- \/ Yoast SEO plugin. -->","yoast_head_json":{"title":"Inter Bike II - Regionalni razvojni center Koper","robots":{"index":"index","follow":"follow","max-snippet":"max-snippet:-1","max-image-preview":"max-image-preview:large","max-video-preview":"max-video-preview:-1"},"canonical":"https:\/\/www.rrc-kp.si\/it\/inter-bike-ii-it\/","og_locale":"it_IT","og_type":"article","og_title":"Inter Bike II - Regionalni razvojni center Koper","og_description":"\u00a0 Il progetto Sviluppo delle connessioni multimodali lungo la ciclovia Adriabike \u2013 INTER BIKE II \u00e8 stato approvato al bando pubblico INTERREG V-A Italia-Slovenia 2014-2020 nel campo tematico delle strategie a basse emissioni di carbonio. Durante i tre anni i cinque partner di progetto provenienti da entrambi i lati del confine hanno avviato il trasporto [&hellip;]","og_url":"https:\/\/www.rrc-kp.si\/it\/inter-bike-ii-it\/","og_site_name":"Regionalni razvojni center Koper","article_published_time":"2018-04-12T21:18:24+00:00","article_modified_time":"2023-08-28T08:27:45+00:00","og_image":[{"width":2278,"height":786,"url":"https:\/\/www.rrc-kp.si\/wp-content\/uploads\/2018\/04\/Interbike_tot.png","type":"image\/png"}],"author":"mitja","twitter_card":"summary_large_image","twitter_misc":{"Scritto da":"mitja","Tempo di lettura stimato":"6 minuti"},"schema":{"@context":"https:\/\/schema.org","@graph":[{"@type":"Article","@id":"https:\/\/www.rrc-kp.si\/it\/inter-bike-ii-it\/#article","isPartOf":{"@id":"https:\/\/www.rrc-kp.si\/it\/inter-bike-ii-it\/"},"author":{"name":"mitja","@id":"https:\/\/www.rrc-kp.si\/#\/schema\/person\/daa2ff2117ae16e9d340dfb06a381242"},"headline":"Inter Bike II","datePublished":"2018-04-12T21:18:24+00:00","dateModified":"2023-08-28T08:27:45+00:00","mainEntityOfPage":{"@id":"https:\/\/www.rrc-kp.si\/it\/inter-bike-ii-it\/"},"wordCount":970,"publisher":{"@id":"https:\/\/www.rrc-kp.si\/#organization"},"image":{"@id":"https:\/\/www.rrc-kp.si\/it\/inter-bike-ii-it\/#primaryimage"},"thumbnailUrl":"https:\/\/www.rrc-kp.si\/wp-content\/uploads\/2018\/04\/Interbike_tot.png","articleSection":["Finiti","Progetti"],"inLanguage":"it-IT"},{"@type":"WebPage","@id":"https:\/\/www.rrc-kp.si\/it\/inter-bike-ii-it\/","url":"https:\/\/www.rrc-kp.si\/it\/inter-bike-ii-it\/","name":"Inter Bike II - Regionalni razvojni center Koper","isPartOf":{"@id":"https:\/\/www.rrc-kp.si\/#website"},"primaryImageOfPage":{"@id":"https:\/\/www.rrc-kp.si\/it\/inter-bike-ii-it\/#primaryimage"},"image":{"@id":"https:\/\/www.rrc-kp.si\/it\/inter-bike-ii-it\/#primaryimage"},"thumbnailUrl":"https:\/\/www.rrc-kp.si\/wp-content\/uploads\/2018\/04\/Interbike_tot.png","datePublished":"2018-04-12T21:18:24+00:00","dateModified":"2023-08-28T08:27:45+00:00","breadcrumb":{"@id":"https:\/\/www.rrc-kp.si\/it\/inter-bike-ii-it\/#breadcrumb"},"inLanguage":"it-IT","potentialAction":[{"@type":"ReadAction","target":["https:\/\/www.rrc-kp.si\/it\/inter-bike-ii-it\/"]}]},{"@type":"ImageObject","inLanguage":"it-IT","@id":"https:\/\/www.rrc-kp.si\/it\/inter-bike-ii-it\/#primaryimage","url":"https:\/\/www.rrc-kp.si\/wp-content\/uploads\/2018\/04\/Interbike_tot.png","contentUrl":"https:\/\/www.rrc-kp.si\/wp-content\/uploads\/2018\/04\/Interbike_tot.png","width":2278,"height":786},{"@type":"BreadcrumbList","@id":"https:\/\/www.rrc-kp.si\/it\/inter-bike-ii-it\/#breadcrumb","itemListElement":[{"@type":"ListItem","position":1,"name":"Home","item":"https:\/\/www.rrc-kp.si\/it\/"},{"@type":"ListItem","position":2,"name":"Inter Bike II"}]},{"@type":"WebSite","@id":"https:\/\/www.rrc-kp.si\/#website","url":"https:\/\/www.rrc-kp.si\/","name":"Regionalni razvojni center Koper","description":"RRC Koper","publisher":{"@id":"https:\/\/www.rrc-kp.si\/#organization"},"potentialAction":[{"@type":"SearchAction","target":{"@type":"EntryPoint","urlTemplate":"https:\/\/www.rrc-kp.si\/?s={search_term_string}"},"query-input":{"@type":"PropertyValueSpecification","valueRequired":true,"valueName":"search_term_string"}}],"inLanguage":"it-IT"},{"@type":"Organization","@id":"https:\/\/www.rrc-kp.si\/#organization","name":"Regionalni razvojni center Koper","url":"https:\/\/www.rrc-kp.si\/","logo":{"@type":"ImageObject","inLanguage":"it-IT","@id":"https:\/\/www.rrc-kp.si\/#\/schema\/logo\/image\/","url":"https:\/\/www.rrc-kp.si\/wp-content\/uploads\/2021\/11\/LOGO-RRC-CEL-BEL-1-e1737099415271.png","contentUrl":"https:\/\/www.rrc-kp.si\/wp-content\/uploads\/2021\/11\/LOGO-RRC-CEL-BEL-1-e1737099415271.png","width":2586,"height":2003,"caption":"Regionalni razvojni center Koper"},"image":{"@id":"https:\/\/www.rrc-kp.si\/#\/schema\/logo\/image\/"}},{"@type":"Person","@id":"https:\/\/www.rrc-kp.si\/#\/schema\/person\/daa2ff2117ae16e9d340dfb06a381242","name":"mitja"}]}},"_links":{"self":[{"href":"https:\/\/www.rrc-kp.si\/it\/wp-json\/wp\/v2\/posts\/8181","targetHints":{"allow":["GET"]}}],"collection":[{"href":"https:\/\/www.rrc-kp.si\/it\/wp-json\/wp\/v2\/posts"}],"about":[{"href":"https:\/\/www.rrc-kp.si\/it\/wp-json\/wp\/v2\/types\/post"}],"author":[{"embeddable":true,"href":"https:\/\/www.rrc-kp.si\/it\/wp-json\/wp\/v2\/users\/12"}],"replies":[{"embeddable":true,"href":"https:\/\/www.rrc-kp.si\/it\/wp-json\/wp\/v2\/comments?post=8181"}],"version-history":[{"count":3,"href":"https:\/\/www.rrc-kp.si\/it\/wp-json\/wp\/v2\/posts\/8181\/revisions"}],"predecessor-version":[{"id":11189,"href":"https:\/\/www.rrc-kp.si\/it\/wp-json\/wp\/v2\/posts\/8181\/revisions\/11189"}],"wp:featuredmedia":[{"embeddable":true,"href":"https:\/\/www.rrc-kp.si\/it\/wp-json\/wp\/v2\/media\/5395"}],"wp:attachment":[{"href":"https:\/\/www.rrc-kp.si\/it\/wp-json\/wp\/v2\/media?parent=8181"}],"wp:term":[{"taxonomy":"category","embeddable":true,"href":"https:\/\/www.rrc-kp.si\/it\/wp-json\/wp\/v2\/categories?post=8181"},{"taxonomy":"post_tag","embeddable":true,"href":"https:\/\/www.rrc-kp.si\/it\/wp-json\/wp\/v2\/tags?post=8181"}],"curies":[{"name":"wp","href":"https:\/\/api.w.org\/{rel}","templated":true}]}}