{"id":8336,"date":"2019-07-29T12:55:25","date_gmt":"2019-07-29T10:55:25","guid":{"rendered":"https:\/\/www.rrc-kp.si\/ceeto-it\/"},"modified":"2022-11-10T11:43:24","modified_gmt":"2022-11-10T10:43:24","slug":"ceeto-it","status":"publish","type":"post","link":"https:\/\/www.rrc-kp.si\/it\/ceeto-it\/","title":{"rendered":"Progetto CEETO"},"content":{"rendered":"<p><strong>Central Europe Eco-Tourism: tools for nature protection\u00a0<\/strong><\/p>\n<p>Durata del progetto: 01\/06\/2017 \u2013 31\/05\/2020<\/p>\n<p><strong>Partner principale:<\/strong><\/p>\n<p>Regione Emilia-Romagna \u00a0\u2013 Dipartimento per aree protette, foreste e sviluppo della montagna<\/p>\n<p><strong>Partner:\u00a0<\/strong>Organizzazione Europarc; UNESCO; Parco naturale Soeltaeler; NIMFEA \u2013<br \/>\nAssociazione per la protezione dell&#8217;ambiente e della natura; Ufficio della riserva naturale di Ruegen sud-orientale; Federparchi Italia \u2013 federazione italiana parchi e riserve naturali; Centro regionale di sviluppo Capodistria; Parco naturale Medvednica; Riserva naturale di Strugnano e WWF Adria.<\/p>\n<p>L&#8217;obiettivo del progetto CEETO \u00e8 quello di implementare un sistema di gestione innovativo basato su un approccio di pianificazione partecipativa. Il sistema contribuir\u00e0 a migliorare la capacit\u00e0 di gestione delle aree protette. Inoltre, il progetto CETTO prevede l&#8217;identificazione e il collaudo di strumenti di gestione e strumenti per il monitoraggio dell&#8217;implementazione. In questo contesto, saranno realizzati progetti pilota nelle aree protette coinvolte nel progetto.<\/p>\n<p>Il progetto \u00e8 diviso in 3 unit\u00e0 di lavoro<\/p>\n<p><strong>\u00a0M- management\/gestione del progetto<\/strong><\/p>\n<p><strong>T-Thematic \/Sezione tematica<\/strong><\/p>\n<p>&#8211;\u00a0\u00a0\u00a0\u00a0\u00a0\u00a0\u00a0 T1: Diagnosi<\/p>\n<p>Nell\u2019ambito dell\u2019unit\u00e0 di lavoro, sar\u00e0 preparato un quadro generale delle politiche per lo sviluppo sostenibile del turismo e un quadro generale dei mezzi e degli strumenti esistenti per lo sviluppo del turismo sostenibile nelle aree protette. Il partner principale del set di lavoro \u00e8 l&#8217;organizzazione NIMFEA Environemnt e Nature Conservation Association dall&#8217;Ungheria.<\/p>\n<p>Il risultato del pacchetto di lavoro \u00e8 il <strong>Manuale delle pratiche di turismo sostenibile efficaci e innovative nelle aree protette<\/strong>.<\/p>\n<p>Documento completo in inglese:<\/p>\n<p><a href=\"https:\/\/www.rrc-kp.si\/wp-content\/uploads\/2019\/07\/D.T1.2.3._Handbook_eng._version-compressed.pdf\">Priro\u010dnik_EN.pdf<\/a><\/p>\n<p>&#8211;\u00a0\u00a0\u00a0\u00a0\u00a0\u00a0\u00a0\u00a0\u00a0 T2: Analisi<\/p>\n<p>&#8211;\u00a0\u00a0\u00a0\u00a0\u00a0\u00a0\u00a0\u00a0\u00a0 T3: Creazione delle linee guida CEETO<\/p>\n<p>Il CRS Capodistria \u00e8 responsabile della gestione della sezione tematica T3 e parteciper\u00e0 a tutte le altre sezioni attraverso le proprie attivit\u00e0. L&#8217;obiettivo dell&#8217;unit\u00e0 T3 \u00e8 di preparare le linee guida CEETO, che illustreranno i risultati dei progetti pilota realizzati nella sezione tematica T2. Lo strumento &#8211; linee guida saranno dedicate ai responsabili politici a livello internazionale, nazionale e regionale durante la pianificazione e la gestione delle attivit\u00e0 turistiche all&#8217;interno delle aree protette e nei dintorni.<\/p>\n<p>&#8211;\u00a0\u00a0\u00a0\u00a0\u00a0\u00a0\u00a0\u00a0\u00a0 T4: CEETO rete<\/p>\n<p><strong>C-Communication\/Comunicazione<\/strong><\/p>\n<p><strong>CEETO <\/strong><strong>video promozionale<\/strong><\/p>\n<p><a href=\"https:\/\/www.interreg-central.eu\/Content.Node\/A-Sustainable-Journey-The-Film.html\">Viaggio sostenibile &#8211; film<\/a><\/p>\n<p><strong>Eventi:<\/strong><\/p>\n<p>Dal 22 al 23 ottobre si \u00e8 svolta ad Abbazia una conferenza di tre giorni sul turismo sostenibile e le aree protette, nell&#8217;ambito del progetto CEETO.<\/p>\n<p>&nbsp;<\/p>\n<p><strong>Contatti:<\/strong><\/p>\n<p><strong>Tina Primo\u017ei\u010d:<\/strong><\/p>\n<p>E-mail:\u00a0<a href=\"mailto:tina.primozic@rrc-kp.si\">tina.primozic@rrc-kp.si<\/a><\/p>\n<p><strong>Slavko Mezek<\/strong><\/p>\n<p>E-mail:\u00a0<a href=\"mailto:slavko.mezek@rrc-kp.si\">slavko.mezek@rrc-kp.si<\/a><\/p>\n","protected":false},"excerpt":{"rendered":"<p>Central Europe Eco-Tourism: tools for nature protection\u00a0 Durata del progetto: 01\/06\/2017 \u2013 31\/05\/2020 Partner principale: Regione Emilia-Romagna \u00a0\u2013 Dipartimento per aree protette, foreste e sviluppo della montagna Partner:\u00a0Organizzazione Europarc; UNESCO; Parco naturale Soeltaeler; NIMFEA \u2013 Associazione per la protezione dell&#8217;ambiente e della natura; Ufficio della riserva naturale di Ruegen sud-orientale; Federparchi Italia \u2013 federazione italiana [&hellip;]<\/p>\n","protected":false},"author":14,"featured_media":5204,"comment_status":"closed","ping_status":"closed","sticky":false,"template":"","format":"standard","meta":{"_acf_changed":false,"footnotes":""},"categories":[110,106],"tags":[],"class_list":["post-8336","post","type-post","status-publish","format-standard","has-post-thumbnail","hentry","category-finiti","category-progetti"],"acf":[],"yoast_head":"<!-- This site is optimized with the Yoast SEO plugin v26.5 - https:\/\/yoast.com\/wordpress\/plugins\/seo\/ -->\n<title>Progetto CEETO - Regionalni razvojni center Koper<\/title>\n<meta name=\"robots\" content=\"index, follow, max-snippet:-1, max-image-preview:large, max-video-preview:-1\" \/>\n<link rel=\"canonical\" href=\"https:\/\/www.rrc-kp.si\/it\/ceeto-it\/\" \/>\n<meta property=\"og:locale\" content=\"it_IT\" \/>\n<meta property=\"og:type\" content=\"article\" \/>\n<meta property=\"og:title\" content=\"Progetto CEETO - Regionalni razvojni center Koper\" \/>\n<meta property=\"og:description\" content=\"Central Europe Eco-Tourism: tools for nature protection\u00a0 Durata del progetto: 01\/06\/2017 \u2013 31\/05\/2020 Partner principale: Regione Emilia-Romagna \u00a0\u2013 Dipartimento per aree protette, foreste e sviluppo della montagna Partner:\u00a0Organizzazione Europarc; UNESCO; Parco naturale Soeltaeler; NIMFEA \u2013 Associazione per la protezione dell&#8217;ambiente e della natura; Ufficio della riserva naturale di Ruegen sud-orientale; Federparchi Italia \u2013 federazione italiana [&hellip;]\" \/>\n<meta property=\"og:url\" content=\"https:\/\/www.rrc-kp.si\/it\/ceeto-it\/\" \/>\n<meta property=\"og:site_name\" content=\"Regionalni razvojni center Koper\" \/>\n<meta property=\"article:published_time\" content=\"2019-07-29T10:55:25+00:00\" \/>\n<meta property=\"article:modified_time\" content=\"2022-11-10T10:43:24+00:00\" \/>\n<meta property=\"og:image\" content=\"https:\/\/www.rrc-kp.si\/wp-content\/uploads\/2017\/06\/CEETO-RGB.jpg\" \/>\n\t<meta property=\"og:image:width\" content=\"693\" \/>\n\t<meta property=\"og:image:height\" content=\"297\" \/>\n\t<meta property=\"og:image:type\" content=\"image\/jpeg\" \/>\n<meta name=\"author\" content=\"karin\" \/>\n<meta name=\"twitter:card\" content=\"summary_large_image\" \/>\n<meta name=\"twitter:label1\" content=\"Scritto da\" \/>\n\t<meta name=\"twitter:data1\" content=\"karin\" \/>\n\t<meta name=\"twitter:label2\" content=\"Tempo di lettura stimato\" \/>\n\t<meta name=\"twitter:data2\" content=\"2 minuti\" \/>\n<script type=\"application\/ld+json\" class=\"yoast-schema-graph\">{\"@context\":\"https:\/\/schema.org\",\"@graph\":[{\"@type\":\"Article\",\"@id\":\"https:\/\/www.rrc-kp.si\/it\/ceeto-it\/#article\",\"isPartOf\":{\"@id\":\"https:\/\/www.rrc-kp.si\/it\/ceeto-it\/\"},\"author\":{\"name\":\"karin\",\"@id\":\"https:\/\/www.rrc-kp.si\/#\/schema\/person\/3b25bb3ce4ed3ede7808fa3d579cf482\"},\"headline\":\"Progetto CEETO\",\"datePublished\":\"2019-07-29T10:55:25+00:00\",\"dateModified\":\"2022-11-10T10:43:24+00:00\",\"mainEntityOfPage\":{\"@id\":\"https:\/\/www.rrc-kp.si\/it\/ceeto-it\/\"},\"wordCount\":380,\"publisher\":{\"@id\":\"https:\/\/www.rrc-kp.si\/#organization\"},\"image\":{\"@id\":\"https:\/\/www.rrc-kp.si\/it\/ceeto-it\/#primaryimage\"},\"thumbnailUrl\":\"https:\/\/www.rrc-kp.si\/wp-content\/uploads\/2017\/06\/CEETO-RGB.jpg\",\"articleSection\":[\"Finiti\",\"Progetti\"],\"inLanguage\":\"it-IT\"},{\"@type\":\"WebPage\",\"@id\":\"https:\/\/www.rrc-kp.si\/it\/ceeto-it\/\",\"url\":\"https:\/\/www.rrc-kp.si\/it\/ceeto-it\/\",\"name\":\"Progetto CEETO - Regionalni razvojni center Koper\",\"isPartOf\":{\"@id\":\"https:\/\/www.rrc-kp.si\/#website\"},\"primaryImageOfPage\":{\"@id\":\"https:\/\/www.rrc-kp.si\/it\/ceeto-it\/#primaryimage\"},\"image\":{\"@id\":\"https:\/\/www.rrc-kp.si\/it\/ceeto-it\/#primaryimage\"},\"thumbnailUrl\":\"https:\/\/www.rrc-kp.si\/wp-content\/uploads\/2017\/06\/CEETO-RGB.jpg\",\"datePublished\":\"2019-07-29T10:55:25+00:00\",\"dateModified\":\"2022-11-10T10:43:24+00:00\",\"breadcrumb\":{\"@id\":\"https:\/\/www.rrc-kp.si\/it\/ceeto-it\/#breadcrumb\"},\"inLanguage\":\"it-IT\",\"potentialAction\":[{\"@type\":\"ReadAction\",\"target\":[\"https:\/\/www.rrc-kp.si\/it\/ceeto-it\/\"]}]},{\"@type\":\"ImageObject\",\"inLanguage\":\"it-IT\",\"@id\":\"https:\/\/www.rrc-kp.si\/it\/ceeto-it\/#primaryimage\",\"url\":\"https:\/\/www.rrc-kp.si\/wp-content\/uploads\/2017\/06\/CEETO-RGB.jpg\",\"contentUrl\":\"https:\/\/www.rrc-kp.si\/wp-content\/uploads\/2017\/06\/CEETO-RGB.jpg\",\"width\":693,\"height\":297},{\"@type\":\"BreadcrumbList\",\"@id\":\"https:\/\/www.rrc-kp.si\/it\/ceeto-it\/#breadcrumb\",\"itemListElement\":[{\"@type\":\"ListItem\",\"position\":1,\"name\":\"Home\",\"item\":\"https:\/\/www.rrc-kp.si\/it\/\"},{\"@type\":\"ListItem\",\"position\":2,\"name\":\"Progetto CEETO\"}]},{\"@type\":\"WebSite\",\"@id\":\"https:\/\/www.rrc-kp.si\/#website\",\"url\":\"https:\/\/www.rrc-kp.si\/\",\"name\":\"Regionalni razvojni center Koper\",\"description\":\"RRC Koper\",\"publisher\":{\"@id\":\"https:\/\/www.rrc-kp.si\/#organization\"},\"potentialAction\":[{\"@type\":\"SearchAction\",\"target\":{\"@type\":\"EntryPoint\",\"urlTemplate\":\"https:\/\/www.rrc-kp.si\/?s={search_term_string}\"},\"query-input\":{\"@type\":\"PropertyValueSpecification\",\"valueRequired\":true,\"valueName\":\"search_term_string\"}}],\"inLanguage\":\"it-IT\"},{\"@type\":\"Organization\",\"@id\":\"https:\/\/www.rrc-kp.si\/#organization\",\"name\":\"Regionalni razvojni center Koper\",\"url\":\"https:\/\/www.rrc-kp.si\/\",\"logo\":{\"@type\":\"ImageObject\",\"inLanguage\":\"it-IT\",\"@id\":\"https:\/\/www.rrc-kp.si\/#\/schema\/logo\/image\/\",\"url\":\"https:\/\/www.rrc-kp.si\/wp-content\/uploads\/2021\/11\/LOGO-RRC-CEL-BEL-1-e1737099415271.png\",\"contentUrl\":\"https:\/\/www.rrc-kp.si\/wp-content\/uploads\/2021\/11\/LOGO-RRC-CEL-BEL-1-e1737099415271.png\",\"width\":2586,\"height\":2003,\"caption\":\"Regionalni razvojni center Koper\"},\"image\":{\"@id\":\"https:\/\/www.rrc-kp.si\/#\/schema\/logo\/image\/\"}},{\"@type\":\"Person\",\"@id\":\"https:\/\/www.rrc-kp.si\/#\/schema\/person\/3b25bb3ce4ed3ede7808fa3d579cf482\",\"name\":\"karin\"}]}<\/script>\n<!-- \/ Yoast SEO plugin. -->","yoast_head_json":{"title":"Progetto CEETO - Regionalni razvojni center Koper","robots":{"index":"index","follow":"follow","max-snippet":"max-snippet:-1","max-image-preview":"max-image-preview:large","max-video-preview":"max-video-preview:-1"},"canonical":"https:\/\/www.rrc-kp.si\/it\/ceeto-it\/","og_locale":"it_IT","og_type":"article","og_title":"Progetto CEETO - Regionalni razvojni center Koper","og_description":"Central Europe Eco-Tourism: tools for nature protection\u00a0 Durata del progetto: 01\/06\/2017 \u2013 31\/05\/2020 Partner principale: Regione Emilia-Romagna \u00a0\u2013 Dipartimento per aree protette, foreste e sviluppo della montagna Partner:\u00a0Organizzazione Europarc; UNESCO; Parco naturale Soeltaeler; NIMFEA \u2013 Associazione per la protezione dell&#8217;ambiente e della natura; Ufficio della riserva naturale di Ruegen sud-orientale; Federparchi Italia \u2013 federazione italiana [&hellip;]","og_url":"https:\/\/www.rrc-kp.si\/it\/ceeto-it\/","og_site_name":"Regionalni razvojni center Koper","article_published_time":"2019-07-29T10:55:25+00:00","article_modified_time":"2022-11-10T10:43:24+00:00","og_image":[{"width":693,"height":297,"url":"https:\/\/www.rrc-kp.si\/wp-content\/uploads\/2017\/06\/CEETO-RGB.jpg","type":"image\/jpeg"}],"author":"karin","twitter_card":"summary_large_image","twitter_misc":{"Scritto da":"karin","Tempo di lettura stimato":"2 minuti"},"schema":{"@context":"https:\/\/schema.org","@graph":[{"@type":"Article","@id":"https:\/\/www.rrc-kp.si\/it\/ceeto-it\/#article","isPartOf":{"@id":"https:\/\/www.rrc-kp.si\/it\/ceeto-it\/"},"author":{"name":"karin","@id":"https:\/\/www.rrc-kp.si\/#\/schema\/person\/3b25bb3ce4ed3ede7808fa3d579cf482"},"headline":"Progetto CEETO","datePublished":"2019-07-29T10:55:25+00:00","dateModified":"2022-11-10T10:43:24+00:00","mainEntityOfPage":{"@id":"https:\/\/www.rrc-kp.si\/it\/ceeto-it\/"},"wordCount":380,"publisher":{"@id":"https:\/\/www.rrc-kp.si\/#organization"},"image":{"@id":"https:\/\/www.rrc-kp.si\/it\/ceeto-it\/#primaryimage"},"thumbnailUrl":"https:\/\/www.rrc-kp.si\/wp-content\/uploads\/2017\/06\/CEETO-RGB.jpg","articleSection":["Finiti","Progetti"],"inLanguage":"it-IT"},{"@type":"WebPage","@id":"https:\/\/www.rrc-kp.si\/it\/ceeto-it\/","url":"https:\/\/www.rrc-kp.si\/it\/ceeto-it\/","name":"Progetto CEETO - Regionalni razvojni center Koper","isPartOf":{"@id":"https:\/\/www.rrc-kp.si\/#website"},"primaryImageOfPage":{"@id":"https:\/\/www.rrc-kp.si\/it\/ceeto-it\/#primaryimage"},"image":{"@id":"https:\/\/www.rrc-kp.si\/it\/ceeto-it\/#primaryimage"},"thumbnailUrl":"https:\/\/www.rrc-kp.si\/wp-content\/uploads\/2017\/06\/CEETO-RGB.jpg","datePublished":"2019-07-29T10:55:25+00:00","dateModified":"2022-11-10T10:43:24+00:00","breadcrumb":{"@id":"https:\/\/www.rrc-kp.si\/it\/ceeto-it\/#breadcrumb"},"inLanguage":"it-IT","potentialAction":[{"@type":"ReadAction","target":["https:\/\/www.rrc-kp.si\/it\/ceeto-it\/"]}]},{"@type":"ImageObject","inLanguage":"it-IT","@id":"https:\/\/www.rrc-kp.si\/it\/ceeto-it\/#primaryimage","url":"https:\/\/www.rrc-kp.si\/wp-content\/uploads\/2017\/06\/CEETO-RGB.jpg","contentUrl":"https:\/\/www.rrc-kp.si\/wp-content\/uploads\/2017\/06\/CEETO-RGB.jpg","width":693,"height":297},{"@type":"BreadcrumbList","@id":"https:\/\/www.rrc-kp.si\/it\/ceeto-it\/#breadcrumb","itemListElement":[{"@type":"ListItem","position":1,"name":"Home","item":"https:\/\/www.rrc-kp.si\/it\/"},{"@type":"ListItem","position":2,"name":"Progetto CEETO"}]},{"@type":"WebSite","@id":"https:\/\/www.rrc-kp.si\/#website","url":"https:\/\/www.rrc-kp.si\/","name":"Regionalni razvojni center Koper","description":"RRC Koper","publisher":{"@id":"https:\/\/www.rrc-kp.si\/#organization"},"potentialAction":[{"@type":"SearchAction","target":{"@type":"EntryPoint","urlTemplate":"https:\/\/www.rrc-kp.si\/?s={search_term_string}"},"query-input":{"@type":"PropertyValueSpecification","valueRequired":true,"valueName":"search_term_string"}}],"inLanguage":"it-IT"},{"@type":"Organization","@id":"https:\/\/www.rrc-kp.si\/#organization","name":"Regionalni razvojni center Koper","url":"https:\/\/www.rrc-kp.si\/","logo":{"@type":"ImageObject","inLanguage":"it-IT","@id":"https:\/\/www.rrc-kp.si\/#\/schema\/logo\/image\/","url":"https:\/\/www.rrc-kp.si\/wp-content\/uploads\/2021\/11\/LOGO-RRC-CEL-BEL-1-e1737099415271.png","contentUrl":"https:\/\/www.rrc-kp.si\/wp-content\/uploads\/2021\/11\/LOGO-RRC-CEL-BEL-1-e1737099415271.png","width":2586,"height":2003,"caption":"Regionalni razvojni center Koper"},"image":{"@id":"https:\/\/www.rrc-kp.si\/#\/schema\/logo\/image\/"}},{"@type":"Person","@id":"https:\/\/www.rrc-kp.si\/#\/schema\/person\/3b25bb3ce4ed3ede7808fa3d579cf482","name":"karin"}]}},"_links":{"self":[{"href":"https:\/\/www.rrc-kp.si\/it\/wp-json\/wp\/v2\/posts\/8336","targetHints":{"allow":["GET"]}}],"collection":[{"href":"https:\/\/www.rrc-kp.si\/it\/wp-json\/wp\/v2\/posts"}],"about":[{"href":"https:\/\/www.rrc-kp.si\/it\/wp-json\/wp\/v2\/types\/post"}],"author":[{"embeddable":true,"href":"https:\/\/www.rrc-kp.si\/it\/wp-json\/wp\/v2\/users\/14"}],"replies":[{"embeddable":true,"href":"https:\/\/www.rrc-kp.si\/it\/wp-json\/wp\/v2\/comments?post=8336"}],"version-history":[{"count":2,"href":"https:\/\/www.rrc-kp.si\/it\/wp-json\/wp\/v2\/posts\/8336\/revisions"}],"predecessor-version":[{"id":9867,"href":"https:\/\/www.rrc-kp.si\/it\/wp-json\/wp\/v2\/posts\/8336\/revisions\/9867"}],"wp:featuredmedia":[{"embeddable":true,"href":"https:\/\/www.rrc-kp.si\/it\/wp-json\/wp\/v2\/media\/5204"}],"wp:attachment":[{"href":"https:\/\/www.rrc-kp.si\/it\/wp-json\/wp\/v2\/media?parent=8336"}],"wp:term":[{"taxonomy":"category","embeddable":true,"href":"https:\/\/www.rrc-kp.si\/it\/wp-json\/wp\/v2\/categories?post=8336"},{"taxonomy":"post_tag","embeddable":true,"href":"https:\/\/www.rrc-kp.si\/it\/wp-json\/wp\/v2\/tags?post=8336"}],"curies":[{"name":"wp","href":"https:\/\/api.w.org\/{rel}","templated":true}]}}