{"id":8605,"date":"2021-11-23T16:06:18","date_gmt":"2021-11-23T15:06:18","guid":{"rendered":"https:\/\/www.rrc-kp.si\/bluact\/"},"modified":"2023-06-09T12:12:41","modified_gmt":"2023-06-09T10:12:41","slug":"bluact","status":"publish","type":"post","link":"https:\/\/www.rrc-kp.si\/it\/bluact\/","title":{"rendered":"BLUACT"},"content":{"rendered":"<p><strong><img decoding=\"async\" class=\" size-full wp-image-6704\" src=\"https:\/\/www.rrc-kp.si\/wp-content\/uploads\/2021\/11\/BLUACT_Logo.JPG\" alt=\"BLUACT Logo\" width=\"600\" height=\"77\" srcset=\"https:\/\/www.rrc-kp.si\/wp-content\/uploads\/2021\/11\/BLUACT_Logo.JPG 1223w, https:\/\/www.rrc-kp.si\/wp-content\/uploads\/2021\/11\/BLUACT_Logo-300x39.jpg 300w, https:\/\/www.rrc-kp.si\/wp-content\/uploads\/2021\/11\/BLUACT_Logo-1024x131.jpg 1024w, https:\/\/www.rrc-kp.si\/wp-content\/uploads\/2021\/11\/BLUACT_Logo-768x99.jpg 768w\" sizes=\"(max-width: 600px) 100vw, 600px\" \/><\/strong><\/p>\n<p><strong>Blue Cities in Action (Starting up the Blue Economy)<\/strong><\/p>\n<p><strong>Citt\u00e0 blu in azione (Avviare l&#8217;economia blu)<\/strong><\/p>\n<p>URBACT \u00e8 un programma europeo di scambio e apprendimento che promuove e sostiene lo sviluppo urbano sostenibile e integrato. \u00c8 uno degli strumenti della politica di coesione europea ed \u00e8 finanziato congiuntamente dall&#8217;Unione europea (Fondo europeo di sviluppo regionale) e dagli Stati membri. Il programma URBACT consente alle citt\u00e0 di sviluppare soluzioni integrate nuove e sostenibili che allo stesso tempo includono dimensioni economiche, sociali e ambientali, combattendo cos\u00ec le principali sfide urbane. URBACT permette alle citt\u00e0 di lavorare insieme e di condividere buone pratiche e lezioni apprese con tutti i professionisti coinvolti nella politica urbana in tutta Europa. BluAct Network fa parte del programma URBACT.<\/p>\n<p><strong>Durata del progetto:<\/strong> 1\/ 6\/ 2021 \u2013 31\/ 12\/ 2022<\/p>\n<p><strong>Partner del progetto:<\/strong> Pireo (Grecia)<\/p>\n<p><strong>I partner:<\/strong><\/p>\n<ul>\n<li>Liep\u0101ja (Liepaja; Lettonia)<\/li>\n<li>Gda\u0144ska Fundacja Przedsi\u0119biorczo\u015bci (Danzica; Polonia)<\/li>\n<li>Boulogne sur mer D\u00e9veloppement C\u00f4te d\u2019Opale (Boulogne sur mer; Francia)<\/li>\n<li>Regionalni razvojni center Koper (Capodistria; Slovenia)<\/li>\n<\/ul>\n<p><strong>L&#8217;obiettivo del progetto:<\/strong><\/p>\n<p>BluAct \u00e8 una rete di trasferimento delle citt\u00e0 portuali che mira a condividere le buone pratiche nell&#8217;imprenditorialit\u00e0 della economia blu. Il progetto \u00e8 fondato e finanziato nell&#8217;ambito del programma URBACT dell&#8217;UE. BluAct segue il successo di BlueGrowth Initiative, un concorso di imprenditorialit\u00e0 premiato che offre servizi di incubazione alle imprese locali, stimolando l&#8217;innovazione e la creazione di posti di lavoro. Nel 2020 BlueGrowth Initiative \u00e8 stato rinominato in Blue Growth Piraeus.<\/p>\n<p>Attraverso un approccio che prevede la creazione di URBACT Gruppi Locali di Supporto e il coinvolgimento degli stakeholder locali e di altre parti interessate, l&#8217;obiettivo finale della rete BluAct \u00e8 quello di &#8221;avviare l&#8217;economia blu&#8221; nelle citt\u00e0 europee costiere e scoprire il loro prezioso legame con il mare.<\/p>\n<p>Le attivit\u00e0 seguiranno le fasi di trasferimento URBACT:<\/p>\n<p>&#8211; COMPRENDERE la Buona Pratica<\/p>\n<p>&#8211; ADATTARE\/REALIZZARE la Buona Pratica<\/p>\n<p>&#8211; FINALE Condivisione di esperienze e risultati<\/p>\n<p>Le attivit\u00e0 della rete sono composte da diverse parti. Queste sono strutturate in quattro pacchetti di lavoro:<\/p>\n<ol>\n<li>Gestione della rete<\/li>\n<li>Scambio transnazionale e attivit\u00e0 di apprendimento<\/li>\n<li>La dimensione locale<\/li>\n<li>Comunicazione e Diffusione<\/li>\n<\/ol>\n<p>&nbsp;<\/p>\n<p><strong>Sito internet di URBACT:<\/strong> <a href=\"https:\/\/urbact.eu\/\">https:\/\/urbact.eu\/<\/a><\/p>\n<p><strong>Sito internet di URBACT BluAct:<\/strong> <a href=\"https:\/\/urbact.eu\/bluact\">https:\/\/urbact.eu\/bluact<\/a><\/p>\n<p><strong>Sito internet di BluAct:<\/strong> <a href=\"https:\/\/www.bluact.eu\/\">https:\/\/www.bluact.eu\/<\/a><\/p>\n<p><strong>\u00a0<\/strong><\/p>\n<p><strong>Informazioni di contatto:<\/strong><\/p>\n<p>Mojca Fabbro<\/p>\n<p>Tel.: 00386 5 66 37 580<\/p>\n<p>E-mail: <a href=\"mailto:mojca.fabbro@rrc-kp.si\">mojca.fabbro@rrc-kp.si<\/a><\/p>\n","protected":false},"excerpt":{"rendered":"<p>Blue Cities in Action (Starting up the Blue Economy) Citt\u00e0 blu in azione (Avviare l&#8217;economia blu) URBACT \u00e8 un programma europeo di scambio e apprendimento che promuove e sostiene lo sviluppo urbano sostenibile e integrato. \u00c8 uno degli strumenti della politica di coesione europea ed \u00e8 finanziato congiuntamente dall&#8217;Unione europea (Fondo europeo di sviluppo regionale) [&hellip;]<\/p>\n","protected":false},"author":12,"featured_media":6705,"comment_status":"closed","ping_status":"closed","sticky":false,"template":"","format":"standard","meta":{"_acf_changed":false,"footnotes":""},"categories":[110,106],"tags":[],"class_list":["post-8605","post","type-post","status-publish","format-standard","has-post-thumbnail","hentry","category-finiti","category-progetti"],"acf":[],"yoast_head":"<!-- This site is optimized with the Yoast SEO plugin v26.5 - https:\/\/yoast.com\/wordpress\/plugins\/seo\/ -->\n<title>BLUACT - Regionalni razvojni center Koper<\/title>\n<meta name=\"robots\" content=\"index, follow, max-snippet:-1, max-image-preview:large, max-video-preview:-1\" \/>\n<link rel=\"canonical\" href=\"https:\/\/www.rrc-kp.si\/it\/bluact\/\" \/>\n<meta property=\"og:locale\" content=\"it_IT\" \/>\n<meta property=\"og:type\" content=\"article\" \/>\n<meta property=\"og:title\" content=\"BLUACT - Regionalni razvojni center Koper\" \/>\n<meta property=\"og:description\" content=\"Blue Cities in Action (Starting up the Blue Economy) Citt\u00e0 blu in azione (Avviare l&#8217;economia blu) URBACT \u00e8 un programma europeo di scambio e apprendimento che promuove e sostiene lo sviluppo urbano sostenibile e integrato. \u00c8 uno degli strumenti della politica di coesione europea ed \u00e8 finanziato congiuntamente dall&#8217;Unione europea (Fondo europeo di sviluppo regionale) [&hellip;]\" \/>\n<meta property=\"og:url\" content=\"https:\/\/www.rrc-kp.si\/it\/bluact\/\" \/>\n<meta property=\"og:site_name\" content=\"Regionalni razvojni center Koper\" \/>\n<meta property=\"article:published_time\" content=\"2021-11-23T15:06:18+00:00\" \/>\n<meta property=\"article:modified_time\" content=\"2023-06-09T10:12:41+00:00\" \/>\n<meta property=\"og:image\" content=\"https:\/\/www.rrc-kp.si\/wp-content\/uploads\/2021\/11\/BLUACT_Logo.JPG\" \/>\n\t<meta property=\"og:image:width\" content=\"1223\" \/>\n\t<meta property=\"og:image:height\" content=\"157\" \/>\n\t<meta property=\"og:image:type\" content=\"image\/jpeg\" \/>\n<meta name=\"author\" content=\"mitja\" \/>\n<meta name=\"twitter:card\" content=\"summary_large_image\" \/>\n<meta name=\"twitter:label1\" content=\"Scritto da\" \/>\n\t<meta name=\"twitter:data1\" content=\"mitja\" \/>\n\t<meta name=\"twitter:label2\" content=\"Tempo di lettura stimato\" \/>\n\t<meta name=\"twitter:data2\" content=\"3 minuti\" \/>\n<script type=\"application\/ld+json\" class=\"yoast-schema-graph\">{\"@context\":\"https:\/\/schema.org\",\"@graph\":[{\"@type\":\"Article\",\"@id\":\"https:\/\/www.rrc-kp.si\/it\/bluact\/#article\",\"isPartOf\":{\"@id\":\"https:\/\/www.rrc-kp.si\/it\/bluact\/\"},\"author\":{\"name\":\"mitja\",\"@id\":\"https:\/\/www.rrc-kp.si\/#\/schema\/person\/daa2ff2117ae16e9d340dfb06a381242\"},\"headline\":\"BLUACT\",\"datePublished\":\"2021-11-23T15:06:18+00:00\",\"dateModified\":\"2023-06-09T10:12:41+00:00\",\"mainEntityOfPage\":{\"@id\":\"https:\/\/www.rrc-kp.si\/it\/bluact\/\"},\"wordCount\":380,\"publisher\":{\"@id\":\"https:\/\/www.rrc-kp.si\/#organization\"},\"image\":{\"@id\":\"https:\/\/www.rrc-kp.si\/it\/bluact\/#primaryimage\"},\"thumbnailUrl\":\"https:\/\/www.rrc-kp.si\/wp-content\/uploads\/2021\/11\/BLUACT_Logo.JPG\",\"articleSection\":[\"Finiti\",\"Progetti\"],\"inLanguage\":\"it-IT\"},{\"@type\":\"WebPage\",\"@id\":\"https:\/\/www.rrc-kp.si\/it\/bluact\/\",\"url\":\"https:\/\/www.rrc-kp.si\/it\/bluact\/\",\"name\":\"BLUACT - Regionalni razvojni center Koper\",\"isPartOf\":{\"@id\":\"https:\/\/www.rrc-kp.si\/#website\"},\"primaryImageOfPage\":{\"@id\":\"https:\/\/www.rrc-kp.si\/it\/bluact\/#primaryimage\"},\"image\":{\"@id\":\"https:\/\/www.rrc-kp.si\/it\/bluact\/#primaryimage\"},\"thumbnailUrl\":\"https:\/\/www.rrc-kp.si\/wp-content\/uploads\/2021\/11\/BLUACT_Logo.JPG\",\"datePublished\":\"2021-11-23T15:06:18+00:00\",\"dateModified\":\"2023-06-09T10:12:41+00:00\",\"breadcrumb\":{\"@id\":\"https:\/\/www.rrc-kp.si\/it\/bluact\/#breadcrumb\"},\"inLanguage\":\"it-IT\",\"potentialAction\":[{\"@type\":\"ReadAction\",\"target\":[\"https:\/\/www.rrc-kp.si\/it\/bluact\/\"]}]},{\"@type\":\"ImageObject\",\"inLanguage\":\"it-IT\",\"@id\":\"https:\/\/www.rrc-kp.si\/it\/bluact\/#primaryimage\",\"url\":\"https:\/\/www.rrc-kp.si\/wp-content\/uploads\/2021\/11\/BLUACT_Logo.JPG\",\"contentUrl\":\"https:\/\/www.rrc-kp.si\/wp-content\/uploads\/2021\/11\/BLUACT_Logo.JPG\",\"width\":1223,\"height\":157},{\"@type\":\"BreadcrumbList\",\"@id\":\"https:\/\/www.rrc-kp.si\/it\/bluact\/#breadcrumb\",\"itemListElement\":[{\"@type\":\"ListItem\",\"position\":1,\"name\":\"Home\",\"item\":\"https:\/\/www.rrc-kp.si\/it\/\"},{\"@type\":\"ListItem\",\"position\":2,\"name\":\"BLUACT\"}]},{\"@type\":\"WebSite\",\"@id\":\"https:\/\/www.rrc-kp.si\/#website\",\"url\":\"https:\/\/www.rrc-kp.si\/\",\"name\":\"Regionalni razvojni center Koper\",\"description\":\"RRC Koper\",\"publisher\":{\"@id\":\"https:\/\/www.rrc-kp.si\/#organization\"},\"potentialAction\":[{\"@type\":\"SearchAction\",\"target\":{\"@type\":\"EntryPoint\",\"urlTemplate\":\"https:\/\/www.rrc-kp.si\/?s={search_term_string}\"},\"query-input\":{\"@type\":\"PropertyValueSpecification\",\"valueRequired\":true,\"valueName\":\"search_term_string\"}}],\"inLanguage\":\"it-IT\"},{\"@type\":\"Organization\",\"@id\":\"https:\/\/www.rrc-kp.si\/#organization\",\"name\":\"Regionalni razvojni center Koper\",\"url\":\"https:\/\/www.rrc-kp.si\/\",\"logo\":{\"@type\":\"ImageObject\",\"inLanguage\":\"it-IT\",\"@id\":\"https:\/\/www.rrc-kp.si\/#\/schema\/logo\/image\/\",\"url\":\"https:\/\/www.rrc-kp.si\/wp-content\/uploads\/2021\/11\/LOGO-RRC-CEL-BEL-1-e1737099415271.png\",\"contentUrl\":\"https:\/\/www.rrc-kp.si\/wp-content\/uploads\/2021\/11\/LOGO-RRC-CEL-BEL-1-e1737099415271.png\",\"width\":2586,\"height\":2003,\"caption\":\"Regionalni razvojni center Koper\"},\"image\":{\"@id\":\"https:\/\/www.rrc-kp.si\/#\/schema\/logo\/image\/\"}},{\"@type\":\"Person\",\"@id\":\"https:\/\/www.rrc-kp.si\/#\/schema\/person\/daa2ff2117ae16e9d340dfb06a381242\",\"name\":\"mitja\"}]}<\/script>\n<!-- \/ Yoast SEO plugin. -->","yoast_head_json":{"title":"BLUACT - Regionalni razvojni center Koper","robots":{"index":"index","follow":"follow","max-snippet":"max-snippet:-1","max-image-preview":"max-image-preview:large","max-video-preview":"max-video-preview:-1"},"canonical":"https:\/\/www.rrc-kp.si\/it\/bluact\/","og_locale":"it_IT","og_type":"article","og_title":"BLUACT - Regionalni razvojni center Koper","og_description":"Blue Cities in Action (Starting up the Blue Economy) Citt\u00e0 blu in azione (Avviare l&#8217;economia blu) URBACT \u00e8 un programma europeo di scambio e apprendimento che promuove e sostiene lo sviluppo urbano sostenibile e integrato. \u00c8 uno degli strumenti della politica di coesione europea ed \u00e8 finanziato congiuntamente dall&#8217;Unione europea (Fondo europeo di sviluppo regionale) [&hellip;]","og_url":"https:\/\/www.rrc-kp.si\/it\/bluact\/","og_site_name":"Regionalni razvojni center Koper","article_published_time":"2021-11-23T15:06:18+00:00","article_modified_time":"2023-06-09T10:12:41+00:00","og_image":[{"width":1223,"height":157,"url":"https:\/\/www.rrc-kp.si\/wp-content\/uploads\/2021\/11\/BLUACT_Logo.JPG","type":"image\/jpeg"}],"author":"mitja","twitter_card":"summary_large_image","twitter_misc":{"Scritto da":"mitja","Tempo di lettura stimato":"3 minuti"},"schema":{"@context":"https:\/\/schema.org","@graph":[{"@type":"Article","@id":"https:\/\/www.rrc-kp.si\/it\/bluact\/#article","isPartOf":{"@id":"https:\/\/www.rrc-kp.si\/it\/bluact\/"},"author":{"name":"mitja","@id":"https:\/\/www.rrc-kp.si\/#\/schema\/person\/daa2ff2117ae16e9d340dfb06a381242"},"headline":"BLUACT","datePublished":"2021-11-23T15:06:18+00:00","dateModified":"2023-06-09T10:12:41+00:00","mainEntityOfPage":{"@id":"https:\/\/www.rrc-kp.si\/it\/bluact\/"},"wordCount":380,"publisher":{"@id":"https:\/\/www.rrc-kp.si\/#organization"},"image":{"@id":"https:\/\/www.rrc-kp.si\/it\/bluact\/#primaryimage"},"thumbnailUrl":"https:\/\/www.rrc-kp.si\/wp-content\/uploads\/2021\/11\/BLUACT_Logo.JPG","articleSection":["Finiti","Progetti"],"inLanguage":"it-IT"},{"@type":"WebPage","@id":"https:\/\/www.rrc-kp.si\/it\/bluact\/","url":"https:\/\/www.rrc-kp.si\/it\/bluact\/","name":"BLUACT - Regionalni razvojni center Koper","isPartOf":{"@id":"https:\/\/www.rrc-kp.si\/#website"},"primaryImageOfPage":{"@id":"https:\/\/www.rrc-kp.si\/it\/bluact\/#primaryimage"},"image":{"@id":"https:\/\/www.rrc-kp.si\/it\/bluact\/#primaryimage"},"thumbnailUrl":"https:\/\/www.rrc-kp.si\/wp-content\/uploads\/2021\/11\/BLUACT_Logo.JPG","datePublished":"2021-11-23T15:06:18+00:00","dateModified":"2023-06-09T10:12:41+00:00","breadcrumb":{"@id":"https:\/\/www.rrc-kp.si\/it\/bluact\/#breadcrumb"},"inLanguage":"it-IT","potentialAction":[{"@type":"ReadAction","target":["https:\/\/www.rrc-kp.si\/it\/bluact\/"]}]},{"@type":"ImageObject","inLanguage":"it-IT","@id":"https:\/\/www.rrc-kp.si\/it\/bluact\/#primaryimage","url":"https:\/\/www.rrc-kp.si\/wp-content\/uploads\/2021\/11\/BLUACT_Logo.JPG","contentUrl":"https:\/\/www.rrc-kp.si\/wp-content\/uploads\/2021\/11\/BLUACT_Logo.JPG","width":1223,"height":157},{"@type":"BreadcrumbList","@id":"https:\/\/www.rrc-kp.si\/it\/bluact\/#breadcrumb","itemListElement":[{"@type":"ListItem","position":1,"name":"Home","item":"https:\/\/www.rrc-kp.si\/it\/"},{"@type":"ListItem","position":2,"name":"BLUACT"}]},{"@type":"WebSite","@id":"https:\/\/www.rrc-kp.si\/#website","url":"https:\/\/www.rrc-kp.si\/","name":"Regionalni razvojni center Koper","description":"RRC Koper","publisher":{"@id":"https:\/\/www.rrc-kp.si\/#organization"},"potentialAction":[{"@type":"SearchAction","target":{"@type":"EntryPoint","urlTemplate":"https:\/\/www.rrc-kp.si\/?s={search_term_string}"},"query-input":{"@type":"PropertyValueSpecification","valueRequired":true,"valueName":"search_term_string"}}],"inLanguage":"it-IT"},{"@type":"Organization","@id":"https:\/\/www.rrc-kp.si\/#organization","name":"Regionalni razvojni center Koper","url":"https:\/\/www.rrc-kp.si\/","logo":{"@type":"ImageObject","inLanguage":"it-IT","@id":"https:\/\/www.rrc-kp.si\/#\/schema\/logo\/image\/","url":"https:\/\/www.rrc-kp.si\/wp-content\/uploads\/2021\/11\/LOGO-RRC-CEL-BEL-1-e1737099415271.png","contentUrl":"https:\/\/www.rrc-kp.si\/wp-content\/uploads\/2021\/11\/LOGO-RRC-CEL-BEL-1-e1737099415271.png","width":2586,"height":2003,"caption":"Regionalni razvojni center Koper"},"image":{"@id":"https:\/\/www.rrc-kp.si\/#\/schema\/logo\/image\/"}},{"@type":"Person","@id":"https:\/\/www.rrc-kp.si\/#\/schema\/person\/daa2ff2117ae16e9d340dfb06a381242","name":"mitja"}]}},"_links":{"self":[{"href":"https:\/\/www.rrc-kp.si\/it\/wp-json\/wp\/v2\/posts\/8605","targetHints":{"allow":["GET"]}}],"collection":[{"href":"https:\/\/www.rrc-kp.si\/it\/wp-json\/wp\/v2\/posts"}],"about":[{"href":"https:\/\/www.rrc-kp.si\/it\/wp-json\/wp\/v2\/types\/post"}],"author":[{"embeddable":true,"href":"https:\/\/www.rrc-kp.si\/it\/wp-json\/wp\/v2\/users\/12"}],"replies":[{"embeddable":true,"href":"https:\/\/www.rrc-kp.si\/it\/wp-json\/wp\/v2\/comments?post=8605"}],"version-history":[{"count":2,"href":"https:\/\/www.rrc-kp.si\/it\/wp-json\/wp\/v2\/posts\/8605\/revisions"}],"predecessor-version":[{"id":10967,"href":"https:\/\/www.rrc-kp.si\/it\/wp-json\/wp\/v2\/posts\/8605\/revisions\/10967"}],"wp:featuredmedia":[{"embeddable":true,"href":"https:\/\/www.rrc-kp.si\/it\/wp-json\/wp\/v2\/media\/6705"}],"wp:attachment":[{"href":"https:\/\/www.rrc-kp.si\/it\/wp-json\/wp\/v2\/media?parent=8605"}],"wp:term":[{"taxonomy":"category","embeddable":true,"href":"https:\/\/www.rrc-kp.si\/it\/wp-json\/wp\/v2\/categories?post=8605"},{"taxonomy":"post_tag","embeddable":true,"href":"https:\/\/www.rrc-kp.si\/it\/wp-json\/wp\/v2\/tags?post=8605"}],"curies":[{"name":"wp","href":"https:\/\/api.w.org\/{rel}","templated":true}]}}